{"id":3462,"date":"2022-02-11T21:46:04","date_gmt":"2022-02-11T20:46:04","guid":{"rendered":"https:\/\/gn-stat.org\/?p=3462"},"modified":"2022-03-24T12:27:17","modified_gmt":"2022-03-24T11:27:17","slug":"ninos-y-ninas-soldados-y-trafico-de-armas-espanol","status":"publish","type":"post","link":"https:\/\/gn-stat.org\/?p=3462","title":{"rendered":"Ni\u00f1os y ni\u00f1as soldados y tr\u00e1fico de armas (Espa\u00f1ol)"},"content":{"rendered":"\t\t<div data-elementor-type=\"wp-post\" data-elementor-id=\"3462\" class=\"elementor elementor-3462\" data-elementor-post-type=\"post\">\n\t\t\t\t\t\t<section class=\"elementor-section elementor-top-section elementor-element elementor-element-34865f8 elementor-section-boxed elementor-section-height-default elementor-section-height-default\" data-id=\"34865f8\" data-element_type=\"section\" data-e-type=\"section\">\n\t\t\t\t\t\t<div class=\"elementor-container elementor-column-gap-default\">\n\t\t\t\t\t<div class=\"elementor-column elementor-col-50 elementor-top-column elementor-element elementor-element-5103a24\" data-id=\"5103a24\" data-element_type=\"column\" data-e-type=\"column\">\n\t\t\t<div class=\"elementor-widget-wrap elementor-element-populated\">\n\t\t\t\t\t\t<div class=\"elementor-element elementor-element-d7dcda4 elementor-widget elementor-widget-text-editor\" data-id=\"d7dcda4\" data-element_type=\"widget\" data-e-type=\"widget\" data-widget_type=\"text-editor.default\">\n\t\t\t\t<div class=\"elementor-widget-container\">\n\t\t\t\t\t\t\t\t\t<p><strong>This text is also available in <a href=\"https:\/\/gn-stat.org\/?p=3204\">German<\/a> and <a href=\"https:\/\/gn-stat.org\/?p=3345\">English<\/a><br \/><\/strong><\/p>\t\t\t\t\t\t\t\t<\/div>\n\t\t\t\t<\/div>\n\t\t\t\t<div class=\"elementor-element elementor-element-b3f10f9 elementor-widget elementor-widget-text-editor\" data-id=\"b3f10f9\" data-element_type=\"widget\" data-e-type=\"widget\" data-widget_type=\"text-editor.default\">\n\t\t\t\t<div class=\"elementor-widget-container\">\n\t\t\t\t\t\t\t\t\t<p>\u00a1Luchamos con vuestras armas!&#8220;, dice un ex ni\u00f1o soldado ante el Consejo de Seguridad de la ONU, donde asisten los mayores exportadores de armas del mundo. \u00bfQu\u00e9 relaci\u00f3n existe entre el sufrimiento que viven los ni\u00f1os y las ni\u00f1as soldados y el comercio internacional de armas? \u00bfC\u00f3mo llegan las armas a los pa\u00edses en conflicto y a las manos de los ni\u00f1os y las ni\u00f1as, qu\u00e9 pa\u00edses y empresas las suministran? \u00bfQu\u00e9 tratados y leyes se violan incluso en muchas exportaciones de armas supuestamente legales? \u00bfY c\u00f3mo podemos actuar para apoyar a los ni\u00f1os y las ni\u00f1as soldados y detener la exportaci\u00f3n de armas?<\/p><p>El caso Global Net 7 ofrece an\u00e1lisis, respuestas y reivindicaciones, m\u00e1s ampliamente para dos pa\u00edses ejemplo: Colombia y Myanmar. Ex ni\u00f1os y ni\u00f1as soldados de estos pa\u00edses, de Uganda, Sierra Leona y Afganist\u00e1n relatan sus experiencias. El autor Ralf Willinger, de la organizaci\u00f3n de derechos del ni\u00f1o <a href=\"http:\/\/www.tdh-latinoamerica.de\/\">terre des hommes Alemania<\/a>, habl\u00f3 con ellos y juntos se han comprometido a poner fin al reclutamiento de ni\u00f1os y ni\u00f1as soldados y a la exportaci\u00f3n de armas. Uno de ellos, Innocent Opwonya, hace un llamado: &#8222;\u00a1Alza la voz por los derechos de los ni\u00f1os y las ni\u00f1as , contra la violencia y la exportaci\u00f3n de armas! \u00a1\u00danete a la campa\u00f1a de las Manos Rojas <a href=\"https:\/\/eur05.safelinks.protection.outlook.com\/?url=http%3A%2F%2Fwww.redhandday.org%2F&amp;data=04%7C01%7Cr.willinger%40tdh.de%7C385edd7bf80c4bd745cd08d9ec828afb%7Cb1e27352ff0e45208574a3f35f806c98%7C0%7C0%7C637800868569528651%7CUnknown%7CTWFpbGZsb3d8eyJWIjoiMC4wLjAwMDAiLCJQIjoiV2luMzIiLCJBTiI6Ik1haWwiLCJXVCI6Mn0%3D%7C3000&amp;sdata=isWtVFRjUBHPCrsnl0cmBf9oeeFJpu6MLx99Yf0owUU%3D&amp;reserved=0\">Aktion Rote Hand<\/a>\u00a0 o encuentra su propia manera de hacerlo!<\/p><p><em>Imagen de la derecha: Haubi Haubner para el: Haubi Haubner for the GLOBAL NET &#8211; STOP THE ARMS TRADE v\u00e9ase <a href=\"https:\/\/gn-stat.org\/?p=1940\">&#8222;Artist Profile&#8220;<\/a><\/em><\/p>\t\t\t\t\t\t\t\t<\/div>\n\t\t\t\t<\/div>\n\t\t\t\t\t<\/div>\n\t\t<\/div>\n\t\t\t\t<div class=\"elementor-column elementor-col-50 elementor-top-column elementor-element elementor-element-f53ab1d\" data-id=\"f53ab1d\" data-element_type=\"column\" data-e-type=\"column\">\n\t\t\t<div class=\"elementor-widget-wrap elementor-element-populated\">\n\t\t\t\t\t\t<div class=\"elementor-element elementor-element-fc9e409 elementor-widget elementor-widget-image\" data-id=\"fc9e409\" data-element_type=\"widget\" data-e-type=\"widget\" data-widget_type=\"image.default\">\n\t\t\t\t<div class=\"elementor-widget-container\">\n\t\t\t\t\t\t\t\t\t\t\t\t\t\t\t<img decoding=\"async\" src=\"https:\/\/gn-stat.org\/wp-content\/uploads\/elementor\/thumbs\/16-GN-C07-CHILD_SOLDIERS__HH-ohne-Anm-1-pok4pnhz3v0rw7nx9qvr6hhyy7qaresturll826jgy.jpg\" title=\"KM_C454e_ID_14276-20200103153824\" alt=\"KM_C454e_ID_14276-20200103153824\" loading=\"lazy\" \/>\t\t\t\t\t\t\t\t\t\t\t\t\t\t\t<\/div>\n\t\t\t\t<\/div>\n\t\t\t\t\t<\/div>\n\t\t<\/div>\n\t\t\t\t\t<\/div>\n\t\t<\/section>\n\t\t\t\t<section class=\"elementor-section elementor-top-section elementor-element elementor-element-f645195 elementor-section-boxed elementor-section-height-default elementor-section-height-default\" data-id=\"f645195\" data-element_type=\"section\" data-e-type=\"section\">\n\t\t\t\t\t\t<div class=\"elementor-container elementor-column-gap-default\">\n\t\t\t\t\t<div class=\"elementor-column elementor-col-50 elementor-top-column elementor-element elementor-element-c0f09e8\" data-id=\"c0f09e8\" data-element_type=\"column\" data-e-type=\"column\">\n\t\t\t<div class=\"elementor-widget-wrap elementor-element-populated\">\n\t\t\t\t\t\t<div class=\"elementor-element elementor-element-b6b2907 elementor-widget elementor-widget-text-editor\" data-id=\"b6b2907\" data-element_type=\"widget\" data-e-type=\"widget\" data-widget_type=\"text-editor.default\">\n\t\t\t\t<div class=\"elementor-widget-container\">\n\t\t\t\t\t\t\t\t\t<h2 style=\"text-align: center;\">Sobre este texto<\/h2>\t\t\t\t\t\t\t\t<\/div>\n\t\t\t\t<\/div>\n\t\t\t\t<div class=\"elementor-element elementor-element-3551f2c elementor-widget elementor-widget-spacer\" data-id=\"3551f2c\" data-element_type=\"widget\" data-e-type=\"widget\" data-widget_type=\"spacer.default\">\n\t\t\t\t<div class=\"elementor-widget-container\">\n\t\t\t\t\t\t\t<div class=\"elementor-spacer\">\n\t\t\t<div class=\"elementor-spacer-inner\"><\/div>\n\t\t<\/div>\n\t\t\t\t\t\t<\/div>\n\t\t\t\t<\/div>\n\t\t\t\t<div class=\"elementor-element elementor-element-b84754c elementor-widget elementor-widget-text-editor\" data-id=\"b84754c\" data-element_type=\"widget\" data-e-type=\"widget\" data-widget_type=\"text-editor.default\">\n\t\t\t\t<div class=\"elementor-widget-container\">\n\t\t\t\t\t\t\t\t\t<p style=\"text-align: center;\"><strong>Autor: <a href=\"#kontakt\">Ralf Willinger<\/a>, <a href=\"http:\/\/www.tdh-latinoamerica.de\/\">terre des hommes Alemania<\/a>; Coordinadores: <a href=\"#kontakt\">Helmut Lohrer, J\u00fcrgen Gr\u00e4sslin<\/a><br \/><\/strong><\/p><p style=\"text-align: center;\"><strong><span id=\"page3R_mcid9\" class=\"markedContent\"><span dir=\"ltr\" role=\"presentation\">Traductora: Mar\u00eda<\/span><span dir=\"ltr\" role=\"presentation\">&#8211;<\/span><span dir=\"ltr\" role=\"presentation\">Eugenia L\u00fcttmann Valencia<\/span><\/span><\/strong><\/p><p style=\"text-align: center;\"><strong>\u00a0<\/strong><\/p>\t\t\t\t\t\t\t\t<\/div>\n\t\t\t\t<\/div>\n\t\t\t\t\t<\/div>\n\t\t<\/div>\n\t\t\t\t<div class=\"elementor-column elementor-col-50 elementor-top-column elementor-element elementor-element-303c77a\" data-id=\"303c77a\" data-element_type=\"column\" data-e-type=\"column\">\n\t\t\t<div class=\"elementor-widget-wrap elementor-element-populated\">\n\t\t\t\t\t\t<div class=\"elementor-element elementor-element-cef7a28 elementor-widget elementor-widget-text-editor\" data-id=\"cef7a28\" data-element_type=\"widget\" data-e-type=\"widget\" data-widget_type=\"text-editor.default\">\n\t\t\t\t<div class=\"elementor-widget-container\">\n\t\t\t\t\t\t\t\t\t<h2 style=\"text-align: center;\">Contenido:<\/h2>\t\t\t\t\t\t\t\t<\/div>\n\t\t\t\t<\/div>\n\t\t\t\t<div class=\"elementor-element elementor-element-6ebbd8a elementor-widget elementor-widget-text-editor\" data-id=\"6ebbd8a\" data-element_type=\"widget\" data-e-type=\"widget\" data-widget_type=\"text-editor.default\">\n\t\t\t\t<div class=\"elementor-widget-container\">\n\t\t\t\t\t\t\t\t\t<ul><li><a href=\"#ueberblick\">&#8222;\u00a1Quiero que tomen acci\u00f3n!&#8220;\u200b<\/a><\/li><li><a href=\"#forderungen\">Demandas para el D\u00eda de las Manos Rojas <\/a><\/li><li><a href=\"#myanmar\">El caso de Myanmar<\/a><\/li><li><a href=\"#innocent\">Entrevista: Innocent Opwonya, Uganda&amp;Sud\u00e1n<\/a><\/li><li><a href=\"#yina\">Entrevista: Yina, Colombia<\/a><\/li><li><a href=\"#kolumbien\">El caso de Colombia<\/a><\/li><li><a href=\"#jamal\">Entrevista: Jamal, Afghanist\u00e1n<\/a><\/li><\/ul>\t\t\t\t\t\t\t\t<\/div>\n\t\t\t\t<\/div>\n\t\t\t\t\t<\/div>\n\t\t<\/div>\n\t\t\t\t\t<\/div>\n\t\t<\/section>\n\t\t\t\t<section class=\"elementor-section elementor-top-section elementor-element elementor-element-de76050 elementor-section-boxed elementor-section-height-default elementor-section-height-default\" data-id=\"de76050\" data-element_type=\"section\" data-e-type=\"section\">\n\t\t\t\t\t\t<div class=\"elementor-container elementor-column-gap-default\">\n\t\t\t\t\t<div class=\"elementor-column elementor-col-100 elementor-top-column elementor-element elementor-element-590ba99\" data-id=\"590ba99\" data-element_type=\"column\" data-e-type=\"column\">\n\t\t\t<div class=\"elementor-widget-wrap elementor-element-populated\">\n\t\t\t\t\t\t<div class=\"elementor-element elementor-element-fb0d8d6 elementor-widget elementor-widget-text-editor\" data-id=\"fb0d8d6\" data-element_type=\"widget\" data-e-type=\"widget\" data-widget_type=\"text-editor.default\">\n\t\t\t\t<div class=\"elementor-widget-container\">\n\t\t\t\t\t\t\t\t\t<p style=\"text-align: center;\">\u2501\u2501\u2501\u2501\u2501\u2501\u2501\u2501\u2501\u2501\u2501\u2501\u2501\u2501\u2501\u2501\u2501\u2501\u2501\u25bc\u2501\u2501\u2501\u2501\u2501\u2501\u2501\u2501\u2501\u2501\u2501\u2501\u2501\u2501\u2501\u2501\u2501\u2501\u2501<\/p>\t\t\t\t\t\t\t\t<\/div>\n\t\t\t\t<\/div>\n\t\t\t\t\t<\/div>\n\t\t<\/div>\n\t\t\t\t\t<\/div>\n\t\t<\/section>\n\t\t\t\t<section class=\"elementor-section elementor-top-section elementor-element elementor-element-aeffc40 elementor-section-boxed elementor-section-height-default elementor-section-height-default\" data-id=\"aeffc40\" data-element_type=\"section\" data-e-type=\"section\">\n\t\t\t\t\t\t<div class=\"elementor-container elementor-column-gap-default\">\n\t\t\t\t\t<div class=\"elementor-column elementor-col-100 elementor-top-column elementor-element elementor-element-a457dc3\" data-id=\"a457dc3\" data-element_type=\"column\" data-e-type=\"column\">\n\t\t\t<div class=\"elementor-widget-wrap elementor-element-populated\">\n\t\t\t\t\t\t<div class=\"elementor-element elementor-element-296da15 elementor-widget elementor-widget-heading\" data-id=\"296da15\" data-element_type=\"widget\" data-e-type=\"widget\" id=\"ueberblick\" data-widget_type=\"heading.default\">\n\t\t\t\t<div class=\"elementor-widget-container\">\n\t\t\t\t\t<h1 class=\"elementor-heading-title elementor-size-default\">\"\u00a1Quiero que tomen acci\u00f3n!\"<\/h1>\t\t\t\t<\/div>\n\t\t\t\t<\/div>\n\t\t\t\t<div class=\"elementor-element elementor-element-a87c2f2 elementor-widget elementor-widget-text-editor\" data-id=\"a87c2f2\" data-element_type=\"widget\" data-e-type=\"widget\" data-widget_type=\"text-editor.default\">\n\t\t\t\t<div class=\"elementor-widget-container\">\n\t\t\t\t\t\t\t\t\t<p style=\"text-align: center;\"><strong>C\u00f3mo se relacionan los ni\u00f1os y ni\u00f1as soldado y el tr\u00e1fico de armas y c\u00f3mo actuar al respecto<\/strong><\/p><p>Innocent Opwonya es un joven impresionante, alto, de manos finas, ojos alertas y brillantes. Cuando cuenta su historia a los estudiantes, \u00e9stos le escuchan embelesados, le hacen preguntas y le rodean despu\u00e9s de la conferencia. Las largas cicatrices que tiene en las piernas no se ven. Cuando era un ni\u00f1o de 10 a\u00f1os fue ni\u00f1o soldado, su rifle era un G3 alem\u00e1n, la desesperaci\u00f3n lo invad\u00eda, quer\u00eda escapar a como diera lugar. Lo logr\u00f3, sobrevivi\u00f3, uno de los pocos, luch\u00f3 por salir adelante, fue un camino largo y arduo. Ahora, m\u00e1s de veinte a\u00f1os despu\u00e9s, con su hija reci\u00e9n nacida en brazos, reboza de felicidad.<\/p><p>Cada a\u00f1o se publica la &#8222;Lista de la verg\u00fcenza&#8220; en el informe anual del Secretario General de la ONU sobre los ni\u00f1os en conflictos armados.<a href=\"#_edn1\" name=\"_ednref1\">[i]<\/a> El informe de mayo de 2021 enumera 61 grupos armados y ej\u00e9rcitos de 14<a href=\"#_edn2\" name=\"_ednref2\">[ii]<\/a> pa\u00edses que han reclutado ni\u00f1os y ni\u00f1as como soldados, que han matado, mutilado, secuestrado o abusado sexualmente de ni\u00f1os y ni\u00f1as \u00a0o que atacaron escuelas y hospitales en 2020. En el cuerpo del informe se enumeran otros diez pa\u00edses<a href=\"#_edn3\" name=\"_ednref3\">[iii]<\/a> en los que menores de edad han sido v\u00edctimas de este tipo de abusos.<\/p>\t\t\t\t\t\t\t\t<\/div>\n\t\t\t\t<\/div>\n\t\t\t\t\t<\/div>\n\t\t<\/div>\n\t\t\t\t\t<\/div>\n\t\t<\/section>\n\t\t\t\t<section class=\"elementor-section elementor-top-section elementor-element elementor-element-29bde80 elementor-section-boxed elementor-section-height-default elementor-section-height-default\" data-id=\"29bde80\" data-element_type=\"section\" data-e-type=\"section\">\n\t\t\t\t\t\t<div class=\"elementor-container elementor-column-gap-default\">\n\t\t\t\t\t<div class=\"elementor-column elementor-col-100 elementor-top-column elementor-element elementor-element-379beaf\" data-id=\"379beaf\" data-element_type=\"column\" data-e-type=\"column\">\n\t\t\t<div class=\"elementor-widget-wrap elementor-element-populated\">\n\t\t\t\t\t\t<div class=\"elementor-element elementor-element-75ded12 elementor-widget elementor-widget-text-editor\" data-id=\"75ded12\" data-element_type=\"widget\" data-e-type=\"widget\" data-widget_type=\"text-editor.default\">\n\t\t\t\t<div class=\"elementor-widget-container\">\n\t\t\t\t\t\t\t\t\t<p style=\"text-align: center;\"><strong>Mapa del mundo: Pa\u00edses donde se utilizan ni\u00f1os <\/strong><strong><span style=\"background-color: #ffffff; display: inline !important;\">y\u00a0<\/span><span style=\"margin: 0px; background-color: #ffffff; display: inline !important;\">ni\u00f1as<\/span> como soldados en conflictos armados<\/strong><\/p>\t\t\t\t\t\t\t\t<\/div>\n\t\t\t\t<\/div>\n\t\t\t\t<div class=\"elementor-element elementor-element-bd1b0d2 elementor-widget elementor-widget-image\" data-id=\"bd1b0d2\" data-element_type=\"widget\" data-e-type=\"widget\" data-widget_type=\"image.default\">\n\t\t\t\t<div class=\"elementor-widget-container\">\n\t\t\t\t\t\t\t\t\t\t\t\t\t\t\t<img decoding=\"async\" src=\"https:\/\/gn-stat.org\/wp-content\/uploads\/elementor\/thumbs\/Weltkarte-ENGL-Einsatz-von-Kindern-als-SoldatInnen-in-bewKonflikten-Jan2022-scaled-e1645379557334-pok4pnhu8fzl4xraaouqz0slvmhebhrf3h7ku4h88w.jpg\" title=\"Weltkarte ENGL Einsatz von Kindern als SoldatInnen in bewKonflikten Jan2022\" alt=\"Weltkarte ENGL Einsatz von Kindern als SoldatInnen in bewKonflikten Jan2022\" loading=\"lazy\" \/>\t\t\t\t\t\t\t\t\t\t\t\t\t\t\t<\/div>\n\t\t\t\t<\/div>\n\t\t\t\t<div class=\"elementor-element elementor-element-af1c534 elementor-widget elementor-widget-text-editor\" data-id=\"af1c534\" data-element_type=\"widget\" data-e-type=\"widget\" data-widget_type=\"text-editor.default\">\n\t\t\t\t<div class=\"elementor-widget-container\">\n\t\t\t\t\t\t\t\t\t<p style=\"text-align: center;\"><em>Gr\u00e1fica: terre des hommes; Fuente : Informe del Secretario General ONU sobre ni\u00f1os y ni\u00f1as en conflictos armados, Mayo 2021<\/em><\/p>\t\t\t\t\t\t\t\t<\/div>\n\t\t\t\t<\/div>\n\t\t\t\t<div class=\"elementor-element elementor-element-24db814 elementor-widget elementor-widget-text-editor\" data-id=\"24db814\" data-element_type=\"widget\" data-e-type=\"widget\" data-widget_type=\"text-editor.default\">\n\t\t\t\t<div class=\"elementor-widget-container\">\n\t\t\t\t\t\t\t\t\t<p>Todos estos pa\u00edses est\u00e1n llenos de armas, suministradas durante a\u00f1os y d\u00e9cadas, en su mayor\u00eda directamente por uno o varios de los seis mayores exportadores de armas del mundo:<a href=\"https:\/\/gn-stat.org\/?p=3462&amp;elementor-preview=3462&amp;ver=1644612370#_edn4\">[iv]<\/a> Estados Unidos, Rusia, Francia, Alemania, China y el Reino Unido, son ellos los cinco miembros permanentes del Consejo de Seguridad de la ONU m\u00e1s Alemania.<\/p><p><strong>&#8222;Nosotros luchamos con vuestras armas&#8220;.<\/strong><\/p><p>Esta fue la conclusi\u00f3n de ex ni\u00f1o soldado Junior Nzita, de la Rep\u00fablica Democr\u00e1tica del Congo, en su discurso ante el Consejo de Seguridad de la ONU en marzo de 2015. El presente estudio del caso rastrea el origen de las armas en los pa\u00edses en conflicto y describe el camino que siguen hasta llegar a manos de los ni\u00f1os soldado Presenta dos ejemplos, Colombia y Myanmar, pa\u00edses que se cuentan entre aquellos con los conflictos armados m\u00e1s prolongados del mundo y en los que decenas de miles de ni\u00f1os y ni\u00f1as fueron y son explotados como soldados.<\/p><p>Alemania desempe\u00f1\u00f3 un papel importante en la creaci\u00f3n de la industria nacional de armas peque\u00f1as y municiones en ambos pa\u00edses en las d\u00e9cadas de 1970 y 1980, as\u00ed como en muchos otros pa\u00edses en zonas de guerra, incluyendo Sud\u00e1n, pa\u00eds al que los rebeldes se llevaron a Innocent Opwonya despu\u00e9s de secuestrarlo.<a href=\"https:\/\/gn-stat.org\/?p=3462&amp;elementor-preview=3462&amp;ver=1644612370#_edn5\">[v]<\/a> All\u00ed lo adiestraron y le proporcionaron el rifle de Heckler &amp; Koch.<\/p>\t\t\t\t\t\t\t\t<\/div>\n\t\t\t\t<\/div>\n\t\t\t\t<div class=\"elementor-element elementor-element-f4e435c elementor-widget elementor-widget-text-editor\" data-id=\"f4e435c\" data-element_type=\"widget\" data-e-type=\"widget\" data-widget_type=\"text-editor.default\">\n\t\t\t\t<div class=\"elementor-widget-container\">\n\t\t\t\t\t\t\t\t\t<p><em>&#8222;Mientras luchaba en primera fila, vi muchas armas diferentes. Ninguna de esas armas era de producci\u00f3n local, todas llegaban de fuera. Por su potencia, el G3 alem\u00e1n ocupaba el segundo lugar, con \u00e9l pod\u00edas matar a alguien a 500 metros de distancia. Al de los ni\u00f1os a menudo se les recortaba el ca\u00f1\u00f3n para que no fueran demasiado largos&#8220;. <\/em>Michael Davies, ex ni\u00f1o soldado de Sierra Leona <a href=\"#_edn6\">[vi]<\/a><\/p>\t\t\t\t\t\t\t\t<\/div>\n\t\t\t\t<\/div>\n\t\t\t\t\t<\/div>\n\t\t<\/div>\n\t\t\t\t\t<\/div>\n\t\t<\/section>\n\t\t\t\t<section class=\"elementor-section elementor-top-section elementor-element elementor-element-a44b361 elementor-section-boxed elementor-section-height-default elementor-section-height-default\" data-id=\"a44b361\" data-element_type=\"section\" data-e-type=\"section\">\n\t\t\t\t\t\t<div class=\"elementor-container elementor-column-gap-default\">\n\t\t\t\t\t<div class=\"elementor-column elementor-col-100 elementor-top-column elementor-element elementor-element-015b06a\" data-id=\"015b06a\" data-element_type=\"column\" data-e-type=\"column\">\n\t\t\t<div class=\"elementor-widget-wrap elementor-element-populated\">\n\t\t\t\t\t\t<div class=\"elementor-element elementor-element-4f64686 elementor-widget elementor-widget-text-editor\" data-id=\"4f64686\" data-element_type=\"widget\" data-e-type=\"widget\" data-widget_type=\"text-editor.default\">\n\t\t\t\t<div class=\"elementor-widget-container\">\n\t\t\t\t\t\t\t\t\t<p>En la d\u00e9cada 2011-2020, los tres mayores proveedores de armas de Colombia fueron Estados Unidos de Am\u00e9rica, Alemania y Corea del Sur; en el caso de Myanmar, fueron China, Rusia e India.<a href=\"https:\/\/gn-stat.org\/?p=3462&amp;elementor-preview=3462&amp;ver=1644612370#_edn7\">[vii]<\/a> El suministro de armas contin\u00faa, a pesar de las graves y comprobadas violaciones de los derechos humanos cometidas por el ej\u00e9rcito y la polic\u00eda estatales y los grupos armados no estatales en ambos pa\u00edses.<\/p><p><strong>Las armas peque\u00f1as son armas de destrucci\u00f3n masiva<\/strong><\/p><p>La mayor parte de las v\u00edctimas en guerras y conflictos armados actuales, son asesinadas o lesionadas con armas peque\u00f1as, tales como pistolas, rifles y ametralladoras.<a href=\"https:\/\/gn-stat.org\/?p=3462&amp;elementor-preview=3462&amp;ver=1644612370#_edn8\">[viii]<\/a> Son las mismas que utilizan tambi\u00e9n los ni\u00f1os y las ni\u00f1as forzados a luchar con ellas. Cada vez m\u00e1s ligeras y f\u00e1ciles de usar, est\u00e1n a disposici\u00f3n por poco dinero en regiones conflictivas. Llegan a Colombia principalmente a trav\u00e9s de Estados Unidos de Am\u00e9rica, por donde pasan muchas de marca europea,<a href=\"https:\/\/gn-stat.org\/?p=3462&amp;elementor-preview=3462&amp;ver=1644612370#_edn9\">[ix]<\/a> y a Myanmar a menudo a trav\u00e9s de los pa\u00edses vecinos China y la India.<\/p>\t\t\t\t\t\t\t\t<\/div>\n\t\t\t\t<\/div>\n\t\t\t\t<div class=\"elementor-element elementor-element-07e0e8d elementor-widget elementor-widget-text-editor\" data-id=\"07e0e8d\" data-element_type=\"widget\" data-e-type=\"widget\" data-widget_type=\"text-editor.default\">\n\t\t\t\t<div class=\"elementor-widget-container\">\n\t\t\t\t\t\t\t\t\t<p><em>&#8222;Quiero que se proh\u00edba el reclutamiento de ni\u00f1os soldados en todo el mundo. Esto incluye detener la fabricaci\u00f3n y el comercio ilegal de armas peque\u00f1as, sin las cuales la utilizaci\u00f3n de ni\u00f1os y ni\u00f1as soldado no ser\u00eda posible&#8220;. <\/em>Junior Nzita, ex ni\u00f1o soldado de la Rep\u00fablica Democr\u00e1tica del Congo<\/p>\t\t\t\t\t\t\t\t<\/div>\n\t\t\t\t<\/div>\n\t\t\t\t<div class=\"elementor-element elementor-element-e130126 elementor-widget elementor-widget-text-editor\" data-id=\"e130126\" data-element_type=\"widget\" data-e-type=\"widget\" data-widget_type=\"text-editor.default\">\n\t\t\t\t<div class=\"elementor-widget-container\">\n\t\t\t\t\t\t\t\t\t<p>&#8222;Quiero que se proh\u00edba el reclutamiento de ni\u00f1os soldados en todo el mundo. Esto incluye detener la fabricaci\u00f3n y el comercio ilegal de armas peque\u00f1as, sin las cuales la utilizaci\u00f3n de ni\u00f1os y ni\u00f1as soldado no ser\u00eda posible&#8220;. Junior Nzita, ex ni\u00f1o soldado de la Rep\u00fablica Democr\u00e1tica del Congo<\/p><p>\u00bfEs l\u00edcito suministrar armas a pa\u00edses en los que desde hace d\u00e9cadas se dan sangrientos conflictos armados? La mayor\u00eda de la gente responde a esta pregunta con un &#8222;no&#8220; rotundo, al igual que los antiguos ni\u00f1os soldados como Michael Davies, Ismael Beah o Innocent Opwonya.<\/p><p><strong>No se respetan ni tratados ni leyes<\/strong><\/p><p>Tratados y leyes internacionales como el Tratado sobre el Comercio de Armas,<a href=\"#_edn10\">[x]<\/a> la Posici\u00f3n Com\u00fan de la UE sobre la Exportaci\u00f3n de Armas o las normativas nacionales de exportaci\u00f3n de muchos pa\u00edses<a href=\"#_edn11\">[xi]<\/a> tambi\u00e9n lo niegan: excluyen las exportaciones de armas a pa\u00edses con graves violaciones de los derechos humanos y conflictos armados. Sin embargo, muchos pa\u00edses exportadores no cumplen esta normativa porque no hay sanciones o simplemente no se aplican.<\/p><p>El Comit\u00e9 de los Derechos del Ni\u00f1o de la ONU, que supervisa peri\u00f3dicamente el cumplimiento de la Convenci\u00f3n de la ONU sobre los Derechos del Ni\u00f1o, tambi\u00e9n ha pedido en repetidas ocasiones a los pa\u00edses exportadores de armas como Alemania, que impidan por ley el suministro de armas a los pa\u00edses donde hay ni\u00f1os soldado.<a href=\"#_edn12\">[xii]<\/a><\/p><p>El Parlamento Europeo, en su resoluci\u00f3n del 11 de febrero de 2021 sobre la situaci\u00f3n humanitaria y pol\u00edtica en Yemen, subray\u00f3 que &#8222;los exportadores de armas con sede en la UE que alimentan el conflicto en Yemen no est\u00e1n cumpliendo con varios criterios de la Posici\u00f3n Com\u00fan 2008\/944\/PESC del Consejo sobre la exportaci\u00f3n de armas, jur\u00eddicamente vinculante, &#8220; y pidi\u00f3 una prohibici\u00f3n de las exportaciones en toda la UE. Pidi\u00f3 a todos los Estados miembros de la UE que &#8222;detengan las exportaciones a todos los miembros de la coalici\u00f3n liderada por Arabia Saud\u00ed&#8220;.<a href=\"#_edn13\">[xiii]<\/a><\/p><p>En septiembre de 2021, el Grupo de Expertos de las Naciones Unidas sobre Yemen (GEE Yemen) acus\u00f3 a todas las partes beligerantes de violaciones flagrantes del derecho internacional humanitario y de los derechos humanos y pidi\u00f3 a todos los pa\u00edses que dejaran de suministrar armas y apoyar militar a las partes del conflicto. El grupo de expertos tambi\u00e9n pide al Consejo de Seguridad de la ONU que remita el caso de Yemen a la Corte Penal Internacional.<a href=\"#_edn14\">[xiv]<\/a><\/p>\t\t\t\t\t\t\t\t<\/div>\n\t\t\t\t<\/div>\n\t\t\t\t<div class=\"elementor-element elementor-element-4517a2d elementor-widget elementor-widget-text-editor\" data-id=\"4517a2d\" data-element_type=\"widget\" data-e-type=\"widget\" data-widget_type=\"text-editor.default\">\n\t\t\t\t<div class=\"elementor-widget-container\">\n\t\t\t\t\t\t\t\t\t<p><em>&#8222;Si se publicaran los documentos de env\u00edo y la gente supiera qu\u00e9 empresas de transporte env\u00edan armas a pa\u00edses donde se libran guerras y se matan ni\u00f1os, eso ser\u00eda fatal para el negocio y tendr\u00edan que detener los env\u00edos de armas. Porque env\u00edan muchas otras mercanc\u00edas y necesitan clientes&#8220;. <\/em>Ishmael Beah, ex ni\u00f1o soldado de Sierra Leona y activista contra el comercio de armas.<a href=\"#_edn15\">[xv]<\/a><\/p>\t\t\t\t\t\t\t\t<\/div>\n\t\t\t\t<\/div>\n\t\t\t\t<div class=\"elementor-element elementor-element-ac600db elementor-widget elementor-widget-text-editor\" data-id=\"ac600db\" data-element_type=\"widget\" data-e-type=\"widget\" data-widget_type=\"text-editor.default\">\n\t\t\t\t<div class=\"elementor-widget-container\">\n\t\t\t\t\t\t\t\t\t<p>Por desgracia, los gobiernos y las empresas de muchos pa\u00edses vuelven a las andadas, diciendo s\u00ed a las exportaciones de armas, incluso a las regiones en crisis y conflicto, promoviendo as\u00ed la guerra, la violencia, la represi\u00f3n y la supresi\u00f3n de las protestas civiles. Por tanto, son responsables todos ellos de graves violaciones de los derechos humanos y de cr\u00edmenes de guerra, como el reclutamiento de ni\u00f1os y ni\u00f1as come soldados. Estas conexiones son conocidas<a href=\"#_edn16\">[xvi]<\/a> y evidentes desde hace mucho tiempo, pero no son nombradas suficientemente y por lo general rige impunidad.<a href=\"#_ednref1\" name=\"_edn1\"><\/a><\/p>\t\t\t\t\t\t\t\t<\/div>\n\t\t\t\t<\/div>\n\t\t\t\t<div class=\"elementor-element elementor-element-12356c0 elementor-widget elementor-widget-text-editor\" data-id=\"12356c0\" data-element_type=\"widget\" data-e-type=\"widget\" data-widget_type=\"text-editor.default\">\n\t\t\t\t<div class=\"elementor-widget-container\">\n\t\t\t\t\t\t\t\t\t<p><strong>Procesos por suministro de armas por cr\u00edmenes de guerra: dos ejemplos<\/strong><\/p><ol><li>En 2015, <strong>el l\u00edder rebelde ruand\u00e9s Ignace Murwanashyaka<\/strong>, que hab\u00eda coordinado la transferencia de armas y municiones a la milicia hutu FDLR, fue condenado por un tribunal alem\u00e1n a muchos a\u00f1os de prisi\u00f3n por complicidad en cr\u00edmenes de guerra, por este motivo, entre otros.<\/li><li>Caso actual: Organizaciones de derechos humanos<a href=\"#_edn17\">[xvii]<\/a> presentaron una denuncia penal ante la Corte Penal Internacional de La Haya en 2019. En ella, acusa a empresas armamentistas europeas como Airbus, Rheinmetall, Leonardo y BAE Systems<a href=\"#_edn18\">[xviii]<\/a> y a agentes estatales de Alemania, Francia, del Reino Unido, Italia y Espa\u00f1a de <strong>ser c\u00f3mplices en cr\u00edmenes de guerra cometidos por la coalici\u00f3n militar en torno a Arabia Saud\u00ed, Emiratos \u00c1rabes Unidos y Egipto en Yemen<\/strong>. Se trata de miles de ataques contra viviendas de civiles, mercados, hospitales y escuelas, en los que murieron y resultaron heridas muchas personas, incluyendo ni\u00f1os.<a href=\"#_edn19\">[xix]<\/a> Los miembros de esta coalici\u00f3n militar reciben la mayor parte de sus armas de Estados Unidos de Am\u00e9rica y Gran Breta\u00f1a, pero tambi\u00e9n de Francia, Espa\u00f1a, Alemania, Italia y otros pa\u00edses.<\/li><\/ol>\t\t\t\t\t\t\t\t<\/div>\n\t\t\t\t<\/div>\n\t\t\t\t<section class=\"elementor-section elementor-inner-section elementor-element elementor-element-2c914ac elementor-section-boxed elementor-section-height-default elementor-section-height-default\" data-id=\"2c914ac\" data-element_type=\"section\" data-e-type=\"section\">\n\t\t\t\t\t\t<div class=\"elementor-container elementor-column-gap-default\">\n\t\t\t\t\t<div class=\"elementor-column elementor-col-50 elementor-inner-column elementor-element elementor-element-1339c70\" data-id=\"1339c70\" data-element_type=\"column\" data-e-type=\"column\">\n\t\t\t<div class=\"elementor-widget-wrap elementor-element-populated\">\n\t\t\t\t\t\t<div class=\"elementor-element elementor-element-4d0f947 elementor-widget elementor-widget-text-editor\" data-id=\"4d0f947\" data-element_type=\"widget\" data-e-type=\"widget\" data-widget_type=\"text-editor.default\">\n\t\t\t\t<div class=\"elementor-widget-container\">\n\t\t\t\t\t\t\t\t\t<p><strong>Ni\u00f1os y ni\u00f1as \u00a0soldado en bandas criminales armadas<\/strong><\/p><p>El mencionado informe anual del Secretario General de la ONU que incluye la lista de la verg\u00fcenza es un instrumento importante para exponer las graves violaciones de los derechos de los ni\u00f1os y nombrar a los autores, pero muestra deficiencias<a href=\"https:\/\/gn-stat.org\/?p=3462&amp;elementor-preview=3462&amp;ver=1644614914#_edn20\">[xx]<\/a> y grandes lagunas: pa\u00edses como Mozambique, Ucrania, Indonesia, Brasil, M\u00e9xico, Nicaragua, El Salvador o Guatemala no aparecen en el informe, a pesar de que all\u00ed se cometen igualmente graves violaciones de los derechos de los ni\u00f1os en los conflictos armados, por parte de bandas criminales y grupos armados no estatales, y por agentes estatales como la polic\u00eda y el ej\u00e9rcito.<\/p><p>Por ejemplo, seg\u00fan las estad\u00edsticas oficiales, la polic\u00eda en Brasil fue la responsable del asesinato de casi 6400 personas en 2019, incluyendo a m\u00e1s de 1500 ni\u00f1os y adolescentes menores de 19 a\u00f1os.<a href=\"https:\/\/gn-stat.org\/?p=3462&amp;elementor-preview=3462&amp;ver=1644614914#_edn21\">[xxi]<\/a>\u00a0 En comparaci\u00f3n, en el mismo a\u00f1o, el informe anual del Secretario General de la ONU &#8222;Los ni\u00f1os y ni\u00f1as y los conflictos armados&#8220; registr\u00f3 el mayor n\u00famero de asesinatos de ni\u00f1os en conflictos armados en Afganist\u00e1n, 874 casos.<\/p><p>Menores reclutados por bandas criminales armadas deben ser considerados y apoyados como ni\u00f1os soldado, al igual que aquellos ni\u00f1os y ni\u00f1as soldado procedentes de grupos armados estatales y no estatales en conflictos b\u00e9licos.<a href=\"https:\/\/gn-stat.org\/?p=3462&amp;elementor-preview=3462&amp;ver=1644614914#_edn22\">[xxii]<\/a> Obviamente aquellos menores caben en la definici\u00f3n internacional de ni\u00f1os y ni\u00f1as soldado o &#8222;ni\u00f1os y ni\u00f1as asociados a grupos armados&#8220; de los Principios de Par\u00eds que protegen tales ni\u00f1os y ni\u00f1as.<a href=\"https:\/\/gn-stat.org\/?p=3462&amp;elementor-preview=3462&amp;ver=1644614914#_edn23\">[xxiii]<\/a> \u00c9stos abarcan a &#8222;&#8230; todas las personas menores de 18 a\u00f1os que son reclutadas o utilizadas por fuerzas o grupos armados (&#8230;), incluyendo ni\u00f1os y ni\u00f1as que han sido utilizados como combatientes, cocineros, cargadores, mensajeros, esp\u00edas o con fines sexuales&#8220;.<\/p>\t\t\t\t\t\t\t\t<\/div>\n\t\t\t\t<\/div>\n\t\t\t\t\t<\/div>\n\t\t<\/div>\n\t\t\t\t<div class=\"elementor-column elementor-col-50 elementor-inner-column elementor-element elementor-element-af751b0\" data-id=\"af751b0\" data-element_type=\"column\" data-e-type=\"column\">\n\t\t\t<div class=\"elementor-widget-wrap elementor-element-populated\">\n\t\t\t\t\t\t<div class=\"elementor-element elementor-element-237bab9 elementor-widget elementor-widget-image\" data-id=\"237bab9\" data-element_type=\"widget\" data-e-type=\"widget\" data-widget_type=\"image.default\">\n\t\t\t\t<div class=\"elementor-widget-container\">\n\t\t\t\t\t\t\t\t\t\t\t\t\t\t\t<img decoding=\"async\" src=\"https:\/\/gn-stat.org\/wp-content\/uploads\/elementor\/thumbs\/Brasil_hoert-auf-uns-zu-toeten_Demonstration_gegen_Polizeigewalt_Salvador_Brasilien_Foto_CIPO_terre_des_hommes_Schweiz-pok4pnhu8g10af404vjwasdmu8lwi7pdl6y5wislxc.jpg\" title=\"Brasil_h\u00f6rt auf uns zu t\u00f6ten_Demonstration_gegen_Polizeigewalt_Salvador_Brasilien_Foto_CIPO_terre_des_hommes_Schweiz\" alt=\"Brasil_h\u00f6rt auf uns zu t\u00f6ten_Demonstration_gegen_Polizeigewalt_Salvador_Brasilien_Foto_CIPO_terre_des_hommes_Schweiz\" loading=\"lazy\" \/>\t\t\t\t\t\t\t\t\t\t\t\t\t\t\t<\/div>\n\t\t\t\t<\/div>\n\t\t\t\t<div class=\"elementor-element elementor-element-284af64 elementor-widget elementor-widget-text-editor\" data-id=\"284af64\" data-element_type=\"widget\" data-e-type=\"widget\" data-widget_type=\"text-editor.default\">\n\t\t\t\t<div class=\"elementor-widget-container\">\n\t\t\t\t\t\t\t\t\t<p><em>\u00a1Ya paren de matarnos! Manifestaci\u00f3n contra la violencia de la polic\u00eda en Salvador de Bahia, Brasil. Foto: CIPO<\/em><\/p>\t\t\t\t\t\t\t\t<\/div>\n\t\t\t\t<\/div>\n\t\t\t\t\t<\/div>\n\t\t<\/div>\n\t\t\t\t\t<\/div>\n\t\t<\/section>\n\t\t\t\t<div class=\"elementor-element elementor-element-78328b6 elementor-widget elementor-widget-text-editor\" data-id=\"78328b6\" data-element_type=\"widget\" data-e-type=\"widget\" data-widget_type=\"text-editor.default\">\n\t\t\t\t<div class=\"elementor-widget-container\">\n\t\t\t\t\t\t\t\t\t<p>Por tanto, es aplicable claramente a menores que son miembros de bandas criminales armadas. Los mecanismos y las razones de reclutamiento son, en el fondo, los mismos que los de los grupos armados y los ej\u00e9rcitos en conflictos b\u00e9licos: Los ni\u00f1os y las ni\u00f1as no tienen gran coste, son f\u00e1ciles de manipular y los hay disponibles en grandes cantidades; los reclutadores simplemente los apresan o intentan cautivarlos con falsas promesas y amenazas. Muchos de ellos caen en garras de los reclutadores por la gran falta de recursos y la angustia de no poder sobrevivir de otra manera. Sin embargo, nunca hay vuelta atr\u00e1s; una vez reclutados, los que intentan escapar o marcharse suelen ser objeto de graves abusos o simplemente son asesinados.<\/p><p>En consecuencia, esto significa que no deben suministrase armas a pa\u00edses como Brasil, M\u00e9xico o Indonesia, donde se cometen graves violaciones de los derechos humanos y se recluta a ni\u00f1os y ni\u00f1as en bandas criminales; tambi\u00e9n debe excluirse a los 24 pa\u00edses que figuran en el informe anual del Secretario General de la ONU (v\u00e9ase el mapa del mundo) o a los pa\u00edses implicados en guerras en ellos (como Arabia Saud\u00ed, Emiratos \u00c1rabes Unidos, Egipto y otros pa\u00edses en Yemen).<\/p><p><strong>Pa\u00edses donde hay ni\u00f1os y ni\u00f1as soldado se cuentan entre los mayores importadores de armas<\/strong><\/p><p>La realidad es otra: entre 2016-2020 dichos pa\u00edses aparecen entre los mayores importadores de armas del mundo: Arabia Saud\u00ed (mayor importador de armas), India (2\u00ba), Egipto (3\u00ba), Emiratos \u00c1rabes Unidos (9\u00ba), Pakist\u00e1n (10\u00ba), Irak (11\u00ba), Indonesia (18\u00ba), Afganist\u00e1n (25\u00ba), Filipinas (31\u00ba), Myanmar (33\u00ba), M\u00e9xico (35\u00ba), Brasil (37\u00ba).<a href=\"#_edn24\">[xxiv]<\/a> En estos pa\u00edses, no s\u00f3lo se cometen cr\u00edmenes de guerra con armas extranjeras, tambi\u00e9n los asesinatos pol\u00edticos y las masacres a menudo se perpetran con ellas, como el asesinato de la concejal afrobrasile\u00f1a Marielle Franco en R\u00edo de Janeiro en 2018 (arma homicida: ametralladora MP5 de Heckler &amp; Koch) o en M\u00e9xico en 2014, la masacre de Ayotzinapa, en la que fueron asesinados 43 estudiantes entre otras armas tambi\u00e9n con fusiles alemanes G36 de Heckler &amp; Koch,<\/p><p><strong>Lista de la verg\u00fcenza para los traficantes de armas<\/strong><\/p><p>Conclusi\u00f3n: La exportaci\u00f3n de armas a pa\u00edses con conflictos armados y con graves violaciones de los derechos humanos debe ser proscrita y prohibida legalmente. Al igual que en el caso del reclutamiento de ni\u00f1os, debe haber tambi\u00e9n peri\u00f3dicamente informes de las Naciones Unidas al respecto y una lista de la verg\u00fcenza que exponga p\u00fablicamente a las ovejas negras (el llamado naming and shaming). En el caso de las entregas de armas a estos pa\u00edses, debe investigarse si est\u00e1n contribuyendo a que se comentan cr\u00edmenes de guerra y graves violaciones de los derechos humanos. Los responsables deben ser demandados y acusados ante un tribunal.<\/p>\t\t\t\t\t\t\t\t<\/div>\n\t\t\t\t<\/div>\n\t\t\t\t<div class=\"elementor-element elementor-element-7f05361 elementor-widget elementor-widget-text-editor\" data-id=\"7f05361\" data-element_type=\"widget\" data-e-type=\"widget\" id=\"forderungen\" data-widget_type=\"text-editor.default\">\n\t\t\t\t<div class=\"elementor-widget-container\">\n\t\t\t\t\t\t\t\t\t<p><strong>Demandas\u00a0 para el D\u00eda de las Manos Rojas<\/strong><\/p><p>La sociedad civil y las organizaciones de derechos humanos y de la infancia llevan mucho tiempo reclamando esto. Las tres principales demandas del <a href=\"http:\/\/www.redhandday.org\/\">D\u00eda de las Manos Rojas<\/a>, el d\u00eda en que anual se recuerda a los ni\u00f1os y ni\u00f1as soldado y que este a\u00f1o celebra su 20\u00ba aniversario, son:<\/p><ol><li><em>Detener el reclutamiento de menores de 18 a\u00f1os como soldados.<\/em><\/li><li><em>Parar las exportaciones de armas (especialmente de armas peque\u00f1as y su munici\u00f3n) a regiones conflictivas y a pa\u00edses donde se cometen graves violaciones de los derechos humanos, como el reclutamiento de ni\u00f1os y ni\u00f1as como soldados.<\/em><\/li><li><em>El enjuiciamiento de los responsables<\/em><\/li><\/ol>\t\t\t\t\t\t\t\t<\/div>\n\t\t\t\t<\/div>\n\t\t\t\t<section class=\"elementor-section elementor-inner-section elementor-element elementor-element-b5fcf12 elementor-section-boxed elementor-section-height-default elementor-section-height-default\" data-id=\"b5fcf12\" data-element_type=\"section\" data-e-type=\"section\">\n\t\t\t\t\t\t<div class=\"elementor-container elementor-column-gap-default\">\n\t\t\t\t\t<div class=\"elementor-column elementor-col-50 elementor-inner-column elementor-element elementor-element-53fa3ee\" data-id=\"53fa3ee\" data-element_type=\"column\" data-e-type=\"column\">\n\t\t\t<div class=\"elementor-widget-wrap elementor-element-populated\">\n\t\t\t\t\t\t<div class=\"elementor-element elementor-element-33f6789 elementor-widget elementor-widget-image\" data-id=\"33f6789\" data-element_type=\"widget\" data-e-type=\"widget\" data-widget_type=\"image.default\">\n\t\t\t\t<div class=\"elementor-widget-container\">\n\t\t\t\t\t\t\t\t\t\t\t\t\t\t\t<img fetchpriority=\"high\" decoding=\"async\" width=\"1024\" height=\"682\" src=\"https:\/\/gn-stat.org\/wp-content\/uploads\/2022\/02\/RHD18_AktionReichstag_InnocentOpwonya_Foto_terre_des_hommes_20180209JU1886cn-1024x682.jpg\" class=\"attachment-large size-large wp-image-3227\" alt=\"\" srcset=\"https:\/\/gn-stat.org\/wp-content\/uploads\/2022\/02\/RHD18_AktionReichstag_InnocentOpwonya_Foto_terre_des_hommes_20180209JU1886cn-1024x682.jpg 1024w, https:\/\/gn-stat.org\/wp-content\/uploads\/2022\/02\/RHD18_AktionReichstag_InnocentOpwonya_Foto_terre_des_hommes_20180209JU1886cn-300x200.jpg 300w, https:\/\/gn-stat.org\/wp-content\/uploads\/2022\/02\/RHD18_AktionReichstag_InnocentOpwonya_Foto_terre_des_hommes_20180209JU1886cn-768x512.jpg 768w, https:\/\/gn-stat.org\/wp-content\/uploads\/2022\/02\/RHD18_AktionReichstag_InnocentOpwonya_Foto_terre_des_hommes_20180209JU1886cn.jpg 1280w\" sizes=\"(max-width: 1024px) 100vw, 1024px\" \/>\t\t\t\t\t\t\t\t\t\t\t\t\t\t\t<\/div>\n\t\t\t\t<\/div>\n\t\t\t\t\t<\/div>\n\t\t<\/div>\n\t\t\t\t<div class=\"elementor-column elementor-col-50 elementor-inner-column elementor-element elementor-element-48e7a91\" data-id=\"48e7a91\" data-element_type=\"column\" data-e-type=\"column\">\n\t\t\t<div class=\"elementor-widget-wrap elementor-element-populated\">\n\t\t\t\t\t\t<div class=\"elementor-element elementor-element-6a7dc13 elementor-widget elementor-widget-text-editor\" data-id=\"6a7dc13\" data-element_type=\"widget\" data-e-type=\"widget\" data-widget_type=\"text-editor.default\">\n\t\t\t\t<div class=\"elementor-widget-container\">\n\t\t\t\t\t\t\t\t\t<p><strong>&#8222;\u00a1Alza la voz contra la violencia y la exportaci\u00f3n de armas!&#8220;<\/strong><\/p><p>Innocent Opwonya lleva muchos a\u00f1os promoviendo campa\u00f1a a favor de estas demandas en actos p\u00fablicos el D\u00eda de las Manos Rojas, durante visitas a escuelas y conferencias de prensa. &#8222;No quiero compasi\u00f3n. Quiero que la gente promueva acciones&#8220;, dice el que fue ni\u00f1o soldado y es hoy activista. &#8222;En las democracias, todo el mundo tiene voz, y es ah\u00ed donde importa alzarla y hablar a favor de los derechos de los ni\u00f1os y las ni\u00f1as. Y contra la violencia y la exportaci\u00f3n de armas. Hablen de ello con sus familias, con sus amigos, con los pol\u00edticos, las palabras pueden crear la diferencia decisiva. \u00danete a la campa\u00f1a de las Manos Rojas contra la utilizaci\u00f3n de ni\u00f1os y ni\u00f1as como soldado y la exportaci\u00f3n de armas. O bien \u00a1Encuentra tu propia manera de hacerlo!<\/p>\t\t\t\t\t\t\t\t<\/div>\n\t\t\t\t<\/div>\n\t\t\t\t<div class=\"elementor-element elementor-element-b3c17c3 elementor-widget elementor-widget-text-editor\" data-id=\"b3c17c3\" data-element_type=\"widget\" data-e-type=\"widget\" data-widget_type=\"text-editor.default\">\n\t\t\t\t<div class=\"elementor-widget-container\">\n\t\t\t\t\t\t\t\t\t<p><em>Imagen: \u201cAlcen la voz contra la violencia y la exportaci\u00f3n de armas!<\/em><\/p>\t\t\t\t\t\t\t\t<\/div>\n\t\t\t\t<\/div>\n\t\t\t\t\t<\/div>\n\t\t<\/div>\n\t\t\t\t\t<\/div>\n\t\t<\/section>\n\t\t\t\t\t<\/div>\n\t\t<\/div>\n\t\t\t\t\t<\/div>\n\t\t<\/section>\n\t\t\t\t<section class=\"elementor-section elementor-top-section elementor-element elementor-element-1b7f1e9 elementor-section-boxed elementor-section-height-default elementor-section-height-default\" data-id=\"1b7f1e9\" data-element_type=\"section\" data-e-type=\"section\">\n\t\t\t\t\t\t<div class=\"elementor-container elementor-column-gap-default\">\n\t\t\t\t\t<div class=\"elementor-column elementor-col-100 elementor-top-column elementor-element elementor-element-72869b0\" data-id=\"72869b0\" data-element_type=\"column\" data-e-type=\"column\">\n\t\t\t<div class=\"elementor-widget-wrap elementor-element-populated\">\n\t\t\t\t\t\t<div class=\"elementor-element elementor-element-288ca7b elementor-widget elementor-widget-text-editor\" data-id=\"288ca7b\" data-element_type=\"widget\" data-e-type=\"widget\" data-widget_type=\"text-editor.default\">\n\t\t\t\t<div class=\"elementor-widget-container\">\n\t\t\t\t\t\t\t\t\t<p style=\"text-align: center;\">\u2501\u2501\u2501\u2501\u2501\u2501\u2501\u2501\u2501\u2501\u2501\u2501\u2501\u2501\u2501\u2501\u2501\u2501\u2501\u25bc\u2501\u2501\u2501\u2501\u2501\u2501\u2501\u2501\u2501\u2501\u2501\u2501\u2501\u2501\u2501\u2501\u2501\u2501\u2501<\/p>\t\t\t\t\t\t\t\t<\/div>\n\t\t\t\t<\/div>\n\t\t\t\t\t<\/div>\n\t\t<\/div>\n\t\t\t\t\t<\/div>\n\t\t<\/section>\n\t\t\t\t<section class=\"elementor-section elementor-top-section elementor-element elementor-element-fd8090e elementor-section-boxed elementor-section-height-default elementor-section-height-default\" data-id=\"fd8090e\" data-element_type=\"section\" data-e-type=\"section\">\n\t\t\t\t\t\t<div class=\"elementor-container elementor-column-gap-default\">\n\t\t\t\t\t<div class=\"elementor-column elementor-col-100 elementor-top-column elementor-element elementor-element-daf7aa0\" data-id=\"daf7aa0\" data-element_type=\"column\" data-e-type=\"column\">\n\t\t\t<div class=\"elementor-widget-wrap elementor-element-populated\">\n\t\t\t\t\t\t<div class=\"elementor-element elementor-element-7766c00 elementor-widget elementor-widget-heading\" data-id=\"7766c00\" data-element_type=\"widget\" data-e-type=\"widget\" id=\"myanmar\" data-widget_type=\"heading.default\">\n\t\t\t\t<div class=\"elementor-widget-container\">\n\t\t\t\t\t<h1 class=\"elementor-heading-title elementor-size-default\">Los ni\u00f1os y las ni\u00f1as soldado y el tr\u00e1fico de armas: el caso de Myanmar<\/h1>\t\t\t\t<\/div>\n\t\t\t\t<\/div>\n\t\t\t\t\t<\/div>\n\t\t<\/div>\n\t\t\t\t\t<\/div>\n\t\t<\/section>\n\t\t\t\t<section class=\"elementor-section elementor-top-section elementor-element elementor-element-67b2d26 elementor-section-boxed elementor-section-height-default elementor-section-height-default\" data-id=\"67b2d26\" data-element_type=\"section\" data-e-type=\"section\">\n\t\t\t\t\t\t<div class=\"elementor-container elementor-column-gap-default\">\n\t\t\t\t\t<div class=\"elementor-column elementor-col-50 elementor-top-column elementor-element elementor-element-2702ae8\" data-id=\"2702ae8\" data-element_type=\"column\" data-e-type=\"column\">\n\t\t\t<div class=\"elementor-widget-wrap elementor-element-populated\">\n\t\t\t\t\t\t<div class=\"elementor-element elementor-element-8c4018f elementor-widget elementor-widget-text-editor\" data-id=\"8c4018f\" data-element_type=\"widget\" data-e-type=\"widget\" data-widget_type=\"text-editor.default\">\n\t\t\t\t<div class=\"elementor-widget-container\">\n\t\t\t\t\t\t\t\t\t<p><em>&#8222;Ese d\u00eda estaba yo muy triste. El oficial se la pasaba observ\u00e1ndonos y si no corr\u00edamos, nos daba de golpes. Ese rigor mat\u00f3 a mi amigo&#8220;, dice un ex ni\u00f1o soldado del ej\u00e9rcito de Myanmar.<\/em><\/p><p>Es larga la lista de delitos cometidos por los militares de Myanmar: perpetraron un golpe de Estado contra el gobierno democr\u00e1tico en febrero de 2021 y encarcelaron de la jefa de gobierno, Aung San Suu Kyi, masacraron a su propia poblaci\u00f3n civil y hasta hoy proceden con cruenta violencia contra el pueblo Rohingya y otras minor\u00edas \u00e9tnicas. A esto hay que a\u00f1adir el reclutamiento sistem\u00e1tico de ni\u00f1os soldado. Desde hace tiempo se considera a Myanmar el pa\u00eds con el mayor n\u00famero de menores en armas en el mundo. Se estima que miles, si no es que son diez miles, los ni\u00f1os y j\u00f3venes menores de 18 a\u00f1os que luchan en el Ej\u00e9rcito del Estado o en grupos armados de la oposici\u00f3n de este pa\u00eds del sureste de Asia. Incluso, ni\u00f1os y ni\u00f1as de escasos diez a\u00f1os son reclutados o explotados en trabajos forzados. Hubo a\u00f1os en que baj\u00f3 su n\u00famero, pero en 2019 aument\u00f3 notablemente y, despu\u00e9s del golpe militar a principios de 2021 y la subsecuente escalada de violencia, es de suponerse que su nivel seguir\u00e1 subiendo.<\/p>\t\t\t\t\t\t\t\t<\/div>\n\t\t\t\t<\/div>\n\t\t\t\t\t<\/div>\n\t\t<\/div>\n\t\t\t\t<div class=\"elementor-column elementor-col-50 elementor-top-column elementor-element elementor-element-25873f8\" data-id=\"25873f8\" data-element_type=\"column\" data-e-type=\"column\">\n\t\t\t<div class=\"elementor-widget-wrap elementor-element-populated\">\n\t\t\t\t\t\t<div class=\"elementor-element elementor-element-1ae2c9f elementor-widget elementor-widget-image\" data-id=\"1ae2c9f\" data-element_type=\"widget\" data-e-type=\"widget\" data-widget_type=\"image.default\">\n\t\t\t\t<div class=\"elementor-widget-container\">\n\t\t\t\t\t\t\t\t\t\t\t\t\t\t\t<img decoding=\"async\" width=\"768\" height=\"495\" src=\"https:\/\/gn-stat.org\/wp-content\/uploads\/2022\/02\/2junge-Soldaten_Burma_Foto_Hans-Martin_Grosse-Oetringhaus_terre_des_hommes-768x495.jpg\" class=\"attachment-medium_large size-medium_large wp-image-3234\" alt=\"\" srcset=\"https:\/\/gn-stat.org\/wp-content\/uploads\/2022\/02\/2junge-Soldaten_Burma_Foto_Hans-Martin_Grosse-Oetringhaus_terre_des_hommes-768x495.jpg 768w, https:\/\/gn-stat.org\/wp-content\/uploads\/2022\/02\/2junge-Soldaten_Burma_Foto_Hans-Martin_Grosse-Oetringhaus_terre_des_hommes-300x193.jpg 300w, https:\/\/gn-stat.org\/wp-content\/uploads\/2022\/02\/2junge-Soldaten_Burma_Foto_Hans-Martin_Grosse-Oetringhaus_terre_des_hommes-1024x660.jpg 1024w, https:\/\/gn-stat.org\/wp-content\/uploads\/2022\/02\/2junge-Soldaten_Burma_Foto_Hans-Martin_Grosse-Oetringhaus_terre_des_hommes.jpg 1280w\" sizes=\"(max-width: 768px) 100vw, 768px\" \/>\t\t\t\t\t\t\t\t\t\t\t\t\t\t\t<\/div>\n\t\t\t\t<\/div>\n\t\t\t\t<div class=\"elementor-element elementor-element-b0eb59f elementor-widget elementor-widget-text-editor\" data-id=\"b0eb59f\" data-element_type=\"widget\" data-e-type=\"widget\" data-widget_type=\"text-editor.default\">\n\t\t\t\t<div class=\"elementor-widget-container\">\n\t\t\t\t\t\t\t\t\t<p><em>Imagen : Ni\u00f1os soldado en Myanmar. El ej\u00e9rcito y los agentes no estatales explotan a ni\u00f1os y ni\u00f1as como soldados y trabajadores. Foto: Hans-Martin Gro\u00dfe-Oetringhaus, terre des hommes<\/em><\/p>\t\t\t\t\t\t\t\t<\/div>\n\t\t\t\t<\/div>\n\t\t\t\t\t<\/div>\n\t\t<\/div>\n\t\t\t\t\t<\/div>\n\t\t<\/section>\n\t\t\t\t<section class=\"elementor-section elementor-top-section elementor-element elementor-element-8bc22ad elementor-section-boxed elementor-section-height-default elementor-section-height-default\" data-id=\"8bc22ad\" data-element_type=\"section\" data-e-type=\"section\">\n\t\t\t\t\t\t<div class=\"elementor-container elementor-column-gap-default\">\n\t\t\t\t\t<div class=\"elementor-column elementor-col-100 elementor-top-column elementor-element elementor-element-1c6ef2e\" data-id=\"1c6ef2e\" data-element_type=\"column\" data-e-type=\"column\">\n\t\t\t<div class=\"elementor-widget-wrap elementor-element-populated\">\n\t\t\t\t\t\t<div class=\"elementor-element elementor-element-eaf8f83 elementor-widget elementor-widget-text-editor\" data-id=\"eaf8f83\" data-element_type=\"widget\" data-e-type=\"widget\" data-widget_type=\"text-editor.default\">\n\t\t\t\t<div class=\"elementor-widget-container\">\n\t\t\t\t\t\t\t\t\t<p><em>&#8222;Vi morir delante de m\u00ed a tanta gente que me invadi\u00f3 el miedo. Esas escenas aterradoras son una pesadilla que no me suelta&#8220;. <\/em><a href=\"#_edn25\">[xxv]<\/a><em>\u00a0\u00a0 Ni\u00f1o soldado de Myanmar reclutado a los 12 a\u00f1os. <\/em><\/p><p><a href=\"#_ednref1\" name=\"_edn1\"><\/a><\/p>\t\t\t\t\t\t\t\t<\/div>\n\t\t\t\t<\/div>\n\t\t\t\t<div class=\"elementor-element elementor-element-8426405 elementor-widget elementor-widget-text-editor\" data-id=\"8426405\" data-element_type=\"widget\" data-e-type=\"widget\" data-widget_type=\"text-editor.default\">\n\t\t\t\t<div class=\"elementor-widget-container\">\n\t\t\t\t\t\t\t\t\t<p><strong>El ej\u00e9rcito recluta un n\u00famero r\u00e9cord de ni\u00f1os.<\/strong><\/p><p>Seg\u00fan la llamada &#8222;Lista de la Verg\u00fcenza&#8220; del <a href=\"https:\/\/www.un.org\/ga\/search\/view_doc.asp?symbol=S\/2021\/437&amp;Lang=S\">Informe anual del Secretario General de la ONU<\/a> sobre ni\u00f1os y los conflictos armados publicado en mayo de 2021, tanto el Ej\u00e9rcito del Estado como por lo menos siete grupos armados de la oposici\u00f3n en Myanmar utilizan a ni\u00f1os y ni\u00f1as menores de 18 a\u00f1os como soldados. Seg\u00fan el informe, la ONU document\u00f3 cerca de 800 casos de ni\u00f1os y adolescentes reclutados como soldados en 2020 (778 ni\u00f1os, 12 ni\u00f1as), la gran mayor\u00eda por el Ej\u00e9rcito del Estado (726) \u2013 lo cual es el n\u00famero m\u00e1s alto desde que la ONU comenz\u00f3 a documentar este fen\u00f3meno en el 2000. Adem\u00e1s, el informe atribuy\u00f3 el reclutamiento de 64 ni\u00f1os y adolescentes a grupos armados no estatales (Ej\u00e9rcito de la Independencia de Kachin (62), Ej\u00e9rcito de Arakan (2)) en 2020. La documentaci\u00f3n de los casos resulta dif\u00edcil, hay un elevado nivel de violaciones no denunciadas. Todav\u00eda no se dispone de las cifras del 2021; en vista de las numerosas acciones militares y las hostilidades a ra\u00edz del golpe militar de principios de febrero, es de esperarse que hayan aumentado considerablemente.<\/p><p>Lo mismo ocurre con otras violaciones graves de los derechos de los ni\u00f1os, como el n\u00famero de ataques a escuelas y hospitales (2020: 11) y su utilizaci\u00f3n militar (2020: 31), as\u00ed como el n\u00famero de ni\u00f1os muertos y lesionados en el conflicto armado (2020: 216). El Ej\u00e9rcito del Estado es el principal responsable de estos delitos debidos al uso de minas terrestres, bombardeos, ataques a\u00e9reos y fuego de artiller\u00eda.<\/p>\t\t\t\t\t\t\t\t<\/div>\n\t\t\t\t<\/div>\n\t\t\t\t<div class=\"elementor-element elementor-element-79e2f30 elementor-widget elementor-widget-text-editor\" data-id=\"79e2f30\" data-element_type=\"widget\" data-e-type=\"widget\" data-widget_type=\"text-editor.default\">\n\t\t\t\t<div class=\"elementor-widget-container\">\n\t\t\t\t\t\t\t\t\t<p><em>&#8222;En la mayor\u00eda de los casos, los ni\u00f1os soldados no estaban en condiciones de acoplarse al ritmo del entrenamiento. A golpes se les obligaba a seguir hasta que ca\u00edan extenuados. Quedaron devastados emocionalmente y se le priv\u00f3 de futuro&#8220;. Ex oficial de reclutamiento del Ej\u00e9rcito del Estado.<\/em><\/p><p><a href=\"#_ednref1\" name=\"_edn1\"><\/a><\/p>\t\t\t\t\t\t\t\t<\/div>\n\t\t\t\t<\/div>\n\t\t\t\t<div class=\"elementor-element elementor-element-23f829a elementor-widget elementor-widget-text-editor\" data-id=\"23f829a\" data-element_type=\"widget\" data-e-type=\"widget\" data-widget_type=\"text-editor.default\">\n\t\t\t\t<div class=\"elementor-widget-container\">\n\t\t\t\t\t\t\t\t\t<p><strong>Progreso y retroceso<\/strong><\/p><p>Todo esto significa un retroceso grave despu\u00e9s de que hubo temporalmente un desarrollo positivo a ra\u00edz de la firma del Plan de acci\u00f3n 2012 de la ONU en 2012, en el que el gobierno de Myanmar se comprometi\u00f3 a poner fin a la utilizaci\u00f3n de ni\u00f1os soldados.\u00a0 En 2015, tambi\u00e9n firm\u00f3 el <a href=\"https:\/\/childrenandarmedconflict.un.org\/es\/historia\/about-us\/funcion-de-la-asamblea-general\/nadie-menor-de-18\/\">Protocolo Facultativo de la Convenci\u00f3n sobre los Derechos del Ni\u00f1o relativo a la participaci\u00f3n de los ni\u00f1os en conflictos armados<\/a> y , en 2017 los<a href=\"https:\/\/www.unicef.org\/media\/113641\/file\/UNI-Paris-Principles-and-Commitments-FAQ-SP-21.pdf\"> Principios de Par\u00eds sobre la Protecci\u00f3n de los Ni\u00f1os contra el Reclutamiento y sobre la Reintegraci\u00f3n de los Ni\u00f1os Soldado en la Vida Civil<\/a>.<\/p><p>A pesar de la firma de estos documentos, el gobierno y los militares siguieron haciendo esfuerzos a medias durante todos esos a\u00f1os. Por ejemplo, no se suprimieron ciertos incentivos para los reclutadores. Las investigaciones de terre des hommes al respecto revelaron que los reclutadores militares y civiles (los llamados intermediarios) segu\u00edan recibiendo recompensa por cada nuevo recluta y reclutaban a menores presion\u00e1ndolos con amenazas y falsas promesas. Tambi\u00e9n hubo muchos casos de falsificaci\u00f3n burda de pasaportes y certificados de nacimiento para que los menores aparecieran como adultos en el documento. En ning\u00fan momento le fue posible a la ONU llevar a cabo controles espont\u00e1neos en cuarteles e instalaciones militares para comprobar si se encontraban ni\u00f1os o ni\u00f1as soldado all\u00ed, ni siquiera despu\u00e9s de la firma del Plan de Acci\u00f3n de la ONU.<\/p>\t\t\t\t\t\t\t\t<\/div>\n\t\t\t\t<\/div>\n\t\t\t\t<div class=\"elementor-element elementor-element-605a284 elementor-widget elementor-widget-text-editor\" data-id=\"605a284\" data-element_type=\"widget\" data-e-type=\"widget\" data-widget_type=\"text-editor.default\">\n\t\t\t\t<div class=\"elementor-widget-container\">\n\t\t\t\t\t\t\t\t\t<p><em>&#8222;Hemos reclutado ni\u00f1os. Nos acercamos a ellos en el puerto, en las estaciones de tren y de autob\u00fas. Los busc\u00e1bamos entre los vendedores ambulantes adolescentes, los mendigos y los ni\u00f1os en edad escolar que andan por las calles. Les hablamos de las ventajas de ser soldado, de percibir buen sueldo y de otras ventajas como recibir arroz y aceite. A menudo \u00edbamos al campo a recoger ni\u00f1os, principalmente hu\u00e9rfanos y ni\u00f1os de la calle&#8220;, <\/em>dijo un antiguo oficial de reclutamiento. Muchos ni\u00f1os tambi\u00e9n informaron que los hab\u00edan amenazado con encarcelarlos, en caso de no querer ir a la oficina de contrataci\u00f3n.<\/p><p><a href=\"#_ednref1\" name=\"_edn1\"><\/a><\/p>\t\t\t\t\t\t\t\t<\/div>\n\t\t\t\t<\/div>\n\t\t\t\t<div class=\"elementor-element elementor-element-2d695bf elementor-widget elementor-widget-text-editor\" data-id=\"2d695bf\" data-element_type=\"widget\" data-e-type=\"widget\" data-widget_type=\"text-editor.default\">\n\t\t\t\t<div class=\"elementor-widget-container\">\n\t\t\t\t\t\t\t\t\t<p><strong>\u00bfDe d\u00f3nde proceden las armas en Myanmar?<\/strong><\/p><p><strong>\u00a0<\/strong>A pesar de que el pa\u00eds, que se llam\u00f3 Birmania hasta 1989, se distingu\u00eda desde 1948 por m\u00faltiples conflictos armados y graves violaciones de los derechos humanos, Alemania no tuvo reparo en rearmarlo masivamente en las d\u00e9cadas entre 1950 y 1980. Gracias a las exportaciones de las empresas armamentistas alemanas Rheinmetall y Fritz Werner (fabricante este \u00faltimo de maquinaria para la producci\u00f3n de armas, municiones y herramientas), el r\u00e9gimen militar birmano pudo fabricar el fusil de asalto G3 en sus propias instalaciones a partir de 1964<a href=\"#_edn26\">[xxvi]<\/a>.\u00a0 Desde entonces y hasta finales de la d\u00e9cada de 1980, el G3 se convirti\u00f3 en el arma est\u00e1ndar de las fuerzas armadas de Myanmar<a href=\"#_edn27\">[xxvii]<\/a>. Con la ayuda de Alemania se crearon en Birmania durante d\u00e9cadas instalaciones de producci\u00f3n de rifles, ametralladoras y munici\u00f3n<a href=\"#_edn28\">[xxviii]<\/a>.\u00a0 Apenas a partir de 1988 las autoridades alemanas dejaron de conceder licencias de exportaci\u00f3n de armas, tomando por referencia el &#8222;cambio en pol\u00edtica interna&#8220;. En consecuencia, el r\u00e9gimen militar birmano decidi\u00f3 cooperar con Israel para desarrollar el modelo sucesor del G3. <a href=\"#_edn29\">[xxix]<\/a> Desde 1991, sigue en pie el embargo de la Uni\u00f3n Europea acerca de armamento para Myanmar.<\/p><p>Hoy en d\u00eda, China es el mayor proveedor de armas de Myanmar, dejando muy atr\u00e1s a Rusia, India, Israel y Ucrania.<a href=\"#_edn30\">[xxx]<\/a>\u00a0 Investigaciones de Greenpeace de febrero de 2021 muestran que el ej\u00e9rcito de Myanmar utiliza barcos patrulleros de origen israel\u00ed entregadas a partir de 2017 que vienen equipadas con ametralladoras MG3 del fabricante alem\u00e1n Rheinmetall. <a href=\"#_edn31\">[xxxi]<\/a> De acuerdo con datos de la ONU, la marina de Myanmar ha utilizado tales barcos en severas violaciones de los derechos humanos y en el genocidio de los Rohingya. <a href=\"#_edn32\">[xxxii]<\/a> La organizaci\u00f3n de derechos humanos <a href=\"https:\/\/www.justiceformyanmar.org\/\">Justice for Myanmar<\/a> critic\u00f3 a finales de 2021 que persiste la entrega de armamento a Myanmar por parte de los miembros del Consejo de Seguridad de la ONU, aduciendo como ejemplos recientes un Eurocopter del grupo franco- alem\u00e1n Airbus, un avi\u00f3n chino Y-12 y aviones de combate rusos Yak-130.<\/p><p>Debido a la violencia armada y a las graves violaciones de los derechos humanos cometidas por el ej\u00e9rcito de Myanmar, en mayo de 2021 m\u00e1s de 200 organizaciones de la sociedad civil exigieron inicialmente que se detuvieran las entregas de armas a Myanmar y que se impusiera un embargo de armas a nivel mundial.<a href=\"#_edn33\">[xxxiii]<\/a>\u00a0 En junio, la Asamblea General de la ONU se sum\u00f3 a esta demanda, y en diciembre siguieron los Estados Unidos y la Uni\u00f3n Europea. Sin embargo, los principales proveedores de armas de Myanmar como China, Rusia y la India la pasan por alto y siguen suministrando armamento, incluso despu\u00e9s del golpe militar. <a href=\"#_edn34\">[xxxiv]<\/a><\/p><p><strong>Liberaci\u00f3n de ni\u00f1os soldados<\/strong><\/p><p>Como hace constar la ONU a finales de 2020, 1015 ni\u00f1os y ni\u00f1as soldado fueron liberados del Ej\u00e9rcito del Estado desde que se firm\u00f3 el Plan de Acci\u00f3n en junio del 2012,<a href=\"#_edn35\">[xxxv]<\/a> siendo esto un rayito de esperanza que, sin embargo, dista mucho de ser suficiente, sobre todo si se tiene se considera que \u00faltimamente se registra un marcado aumento de las cifras de reclutamiento. Los desertores menores de edad siguen siendo encarcelados y maltratados por el ej\u00e9rcito.<\/p><p>El Ej\u00e9rcito de la Independencia de Kachin, un grupo armado de oposici\u00f3n tambi\u00e9n ha liberado de sus filas a combatientes menores de edad en 2019 y 2020. En noviembre de 2020, por primera vez en Myanmar, un grupo armado no estatal, el Ej\u00e9rcito Democr\u00e1tico Ben\u00e9volo de Karen, firm\u00f3 un plan de acci\u00f3n de la ONU en el que se compromet\u00eda a poner fin al reclutamiento de menores de 18 a\u00f1os. Se trata de un paso importante para proteger mejor a los ni\u00f1os, que tambi\u00e9n son reclutados en gran medida por grupos armados de oposici\u00f3n en zonas en conflicto como los estados de Kachin, Rakhine, Kayin y Shan. Tambi\u00e9n organizaciones civiles buscan el contacto con los grupos armados para dar a conocer los derechos humanos y de los ni\u00f1os, en parte con \u00e9xito: varios grupos se han comprometido por escrito a dejar de reclutar a ni\u00f1os y j\u00f3venes.<\/p>\t\t\t\t\t\t\t\t<\/div>\n\t\t\t\t<\/div>\n\t\t\t\t\t<\/div>\n\t\t<\/div>\n\t\t\t\t\t<\/div>\n\t\t<\/section>\n\t\t\t\t<section class=\"elementor-section elementor-top-section elementor-element elementor-element-611ff43 elementor-section-boxed elementor-section-height-default elementor-section-height-default\" data-id=\"611ff43\" data-element_type=\"section\" data-e-type=\"section\">\n\t\t\t\t\t\t<div class=\"elementor-container elementor-column-gap-default\">\n\t\t\t\t\t<div class=\"elementor-column elementor-col-100 elementor-top-column elementor-element elementor-element-85fde8a\" data-id=\"85fde8a\" data-element_type=\"column\" data-e-type=\"column\">\n\t\t\t<div class=\"elementor-widget-wrap elementor-element-populated\">\n\t\t\t\t\t\t<div class=\"elementor-element elementor-element-05c4d52 elementor-widget elementor-widget-text-editor\" data-id=\"05c4d52\" data-element_type=\"widget\" data-e-type=\"widget\" data-widget_type=\"text-editor.default\">\n\t\t\t\t<div class=\"elementor-widget-container\">\n\t\t\t\t\t\t\t\t\t<p style=\"text-align: center;\">\u2501\u2501\u2501\u2501\u2501\u2501\u2501\u2501\u2501\u2501\u2501\u2501\u2501\u2501\u2501\u2501\u2501\u2501\u2501\u25bc\u2501\u2501\u2501\u2501\u2501\u2501\u2501\u2501\u2501\u2501\u2501\u2501\u2501\u2501\u2501\u2501\u2501\u2501\u2501<\/p>\t\t\t\t\t\t\t\t<\/div>\n\t\t\t\t<\/div>\n\t\t\t\t<div class=\"elementor-element elementor-element-355fd49 elementor-widget elementor-widget-heading\" data-id=\"355fd49\" data-element_type=\"widget\" data-e-type=\"widget\" id=\"innocent\" data-widget_type=\"heading.default\">\n\t\t\t\t<div class=\"elementor-widget-container\">\n\t\t\t\t\t<h1 class=\"elementor-heading-title elementor-size-default\">Mi rifle G3 ten\u00eda mi tama\u00f1o<\/h1>\t\t\t\t<\/div>\n\t\t\t\t<\/div>\n\t\t\t\t\t<\/div>\n\t\t<\/div>\n\t\t\t\t\t<\/div>\n\t\t<\/section>\n\t\t\t\t<section class=\"elementor-section elementor-top-section elementor-element elementor-element-c6329c0 elementor-section-boxed elementor-section-height-default elementor-section-height-default\" data-id=\"c6329c0\" data-element_type=\"section\" data-e-type=\"section\">\n\t\t\t\t\t\t<div class=\"elementor-container elementor-column-gap-default\">\n\t\t\t\t\t<div class=\"elementor-column elementor-col-50 elementor-top-column elementor-element elementor-element-8e0ed0d\" data-id=\"8e0ed0d\" data-element_type=\"column\" data-e-type=\"column\">\n\t\t\t<div class=\"elementor-widget-wrap elementor-element-populated\">\n\t\t\t\t\t\t<div class=\"elementor-element elementor-element-caf3f95 elementor-widget elementor-widget-image\" data-id=\"caf3f95\" data-element_type=\"widget\" data-e-type=\"widget\" data-widget_type=\"image.default\">\n\t\t\t\t<div class=\"elementor-widget-container\">\n\t\t\t\t\t\t\t\t\t\t\t\t\t\t\t<img decoding=\"async\" src=\"https:\/\/gn-stat.org\/wp-content\/uploads\/elementor\/thumbs\/RHD19_InnocentOpwonya_RalfWillinger_RoteHandAktion_11Feb19_Foto_terre_des_hommes-pok4pnhxw08wqsuh6wp1lihmapyvdjkakgi93m89lg.jpg\" title=\"RHD19_InnocentOpwonya_RalfWillinger_RoteHandAktion_11Feb19_Foto_terre_des_hommes\" alt=\"RHD19_InnocentOpwonya_RalfWillinger_RoteHandAktion_11Feb19_Foto_terre_des_hommes\" loading=\"lazy\" \/>\t\t\t\t\t\t\t\t\t\t\t\t\t\t\t<\/div>\n\t\t\t\t<\/div>\n\t\t\t\t\t<\/div>\n\t\t<\/div>\n\t\t\t\t<div class=\"elementor-column elementor-col-50 elementor-top-column elementor-element elementor-element-a4eb42a\" data-id=\"a4eb42a\" data-element_type=\"column\" data-e-type=\"column\">\n\t\t\t<div class=\"elementor-widget-wrap elementor-element-populated\">\n\t\t\t\t\t\t<div class=\"elementor-element elementor-element-82e6e95 elementor-widget elementor-widget-text-editor\" data-id=\"82e6e95\" data-element_type=\"widget\" data-e-type=\"widget\" data-widget_type=\"text-editor.default\">\n\t\t\t\t<div class=\"elementor-widget-container\">\n\t\t\t\t\t\t\t\t\t<p><em><strong>\u00a0<\/strong>Innocent Opwonya, de 31 a\u00f1os, fue secuestrado a los 10 a\u00f1os y forzado a luchar como ni\u00f1o soldado en la guerra civil de Uganda. Hoy vive en Alemania y lleva varios a\u00f1os realizando acciones junto con la organizaci\u00f3n de derechos de los ni\u00f1os terre des hommes para eliminar la utilizaci\u00f3n de ni\u00f1os como soldados y contra la exportaci\u00f3n de armas.<\/em><\/p><p>Nac\u00ed cuando la guerra en el norte de Uganda ya estaba en apogeo. Habiendo nacido en esa \u00e9poca, la guerra era parte natural de mi vida. Escuchar disparos a diario era algo normal, era algo as\u00ed como respirar. Y dado de que no conoc\u00eda yo otra cosa que la guerra, para m\u00ed eso era una vida normal. Eso cambi\u00f3 cuando cumpl\u00ed diez a\u00f1os. Todas las noches \u00edbamos a pie desde el campo hasta el centro de Gulu, porque sab\u00edamos que en el centro de la ciudad viv\u00edan los pol\u00edticos ricos que pod\u00edan permitirse pagar su seguridad. Dorm\u00edamos bajo sus verandas para aprovechar esa protecci\u00f3n durante la noche. Pero el d\u00eda que cumpl\u00ed diez a\u00f1os no fue el caso, porque ese d\u00eda llov\u00eda a c\u00e1ntaros y mis padres dijeron que dormir\u00edamos en casa, en nuestro pueblo. Pens\u00e9 que todo saldr\u00eda bien, pero fue el d\u00eda de la desgracia.<\/p><p><em>Imagen a la izquierda: Juntos contra el reclutamiento de menores de 18 a\u00f1os como soldados. Innocent Opwonya y Ralf Willinger, terre des hommes. Foto: terre des hommes<\/em><\/p>\t\t\t\t\t\t\t\t<\/div>\n\t\t\t\t<\/div>\n\t\t\t\t\t<\/div>\n\t\t<\/div>\n\t\t\t\t\t<\/div>\n\t\t<\/section>\n\t\t\t\t<section class=\"elementor-section elementor-top-section elementor-element elementor-element-01a3b07 elementor-section-boxed elementor-section-height-default elementor-section-height-default\" data-id=\"01a3b07\" data-element_type=\"section\" data-e-type=\"section\">\n\t\t\t\t\t\t<div class=\"elementor-container elementor-column-gap-default\">\n\t\t\t\t\t<div class=\"elementor-column elementor-col-100 elementor-top-column elementor-element elementor-element-dc1d53c\" data-id=\"dc1d53c\" data-element_type=\"column\" data-e-type=\"column\">\n\t\t\t<div class=\"elementor-widget-wrap elementor-element-populated\">\n\t\t\t\t\t\t<div class=\"elementor-element elementor-element-f4d1b01 elementor-widget elementor-widget-text-editor\" data-id=\"f4d1b01\" data-element_type=\"widget\" data-e-type=\"widget\" data-widget_type=\"text-editor.default\">\n\t\t\t\t<div class=\"elementor-widget-container\">\n\t\t\t\t\t\t\t\t\t<p><strong>La puerta abierta a patadas, un arma apuntando a mi cabeza.<\/strong><\/p><p>Mi hermana y yo dorm\u00edamos en una choza y mis padres en otra. O\u00ed que llamaban a la puerta. Eran soldados del LRA (Ej\u00e9rcito de Resistencia del Se\u00f1or). Nos ordenaron salir. Pero antes de que pudi\u00e9ramos abrir la puerta, la patearon y me apuntaron con una pistola a la cabeza. S\u00f3lo vi la parte delantera del arma porque la luz de una linterna me deslumbraba. Sal\u00ed y me ataron las manos a la espalda. Otros ni\u00f1os que ya estaban afuera, atados con una cuerda alrededor de la cintura, y con la misma cuerda iban atando al siguiente ni\u00f1o. Fue una marcha larga esa noche, porque se escond\u00edan en Sud\u00e1n del Sur, cerca de la frontera con Uganda.<\/p><p>Para la segunda noche ya estaba tan cansado que empec\u00e9 a dar de gritos pidiendo ayuda. Eso los enfad\u00f3 mucho porque cualquier ruido pod\u00eda atraer a los soldados del gobierno. Cuando mi padre intent\u00f3 ayudarme, se lo llevaron. Escuch\u00e9 un disparo. En ese momento sent\u00ed que quer\u00eda ser soldado porque me quitaron a mi padre y yo quer\u00eda vengarlo.<\/p><p>Eso de querer ser soldado cambi\u00f3 durante el adiestramiento militar. A punta de pistola ten\u00edamos que arrastrarnos hasta una trinchera lo m\u00e1s r\u00e1pido posible y buscar refugio. Si no eras lo suficientemente veloz, ten\u00edas que repetir el ejercicio todo el d\u00eda. Y si no pon\u00edas suficiente atenci\u00f3n y te alzabas demasiado sobre la orilla de la trinchera, te alcanzaban los disparos. En la trinchera ol\u00eda a la sangre de los ni\u00f1os y de las ni\u00f1as heridos. De unos 60 ni\u00f1os y ni\u00f1as que se llevaron junto conmigo, 18 murieron en las dos primeras semanas del adiestramiento. Tambi\u00e9n nos obligaban a tomar drogas para que obedeci\u00e9ramos mejor y sin titubeos en las numerosas peleas. Me fui dando cuenta que ya no quer\u00eda ser soldado. En realidad, yo s\u00f3lo quer\u00eda regresar a mi casa. Pero no fue posible. As\u00ed que me hice soldado.<\/p><p>Me dieron un rifle, un G3, que ten\u00eda mi tama\u00f1o. Ese fue el d\u00eda m\u00e1s triste de mi vida. Destruye vidas. M\u00e1s tarde me enter\u00e9 de que era producto de la empresa alemana Heckler &amp; Koch en la Selva Negra, qu\u00e9 cosa m\u00e1s espantosa. Hay que poner fin a estas exportaciones de armas.<\/p><p><b>Pens\u00e9 que nunca podr\u00eda volver a caminar<\/b><\/p><p>A toda costa quer\u00eda escaparme, pero mi primer intento fracas\u00f3, porque el chico de la atalaya me descubri\u00f3, y como castigo me dieron de azotes, qued\u00e9 paralizado durante mucho tiempo y pens\u00e9 que no podr\u00eda volver a caminar. Todav\u00eda tengo grandes cicatrices en ambas piernas. Por suerte ten\u00eda un buen amigo en el LRA, un chico de mi pueblo, que me consigui\u00f3 todas las medicinas posibles. As\u00ed es como sobreviv\u00ed.<\/p><p>Me entristec\u00eda especialmente el hecho de que en los campamentos vivieran muchos ni\u00f1os y ni\u00f1as, de diferentes edades, nacidos all\u00ed mismo y que fueran educados y manipulados de manera tan brutal. Pero no conoc\u00edan otra cosa y pensaban que as\u00ed era su hogar. A veces ten\u00edamos que secuestrar a ni\u00f1as, formaban igualmente parte de las unidades infantiles. Los comandantes escog\u00edan a algunas de ellas como mujer y se las llevaban al campamento. Hubo mucho abuso sexual. Algunas de las ni\u00f1as a penas contaban 10 a\u00f1os.<\/p><p>Durante una batalla contra soldados del gobierno, intent\u00e9 fugarme de nuevo, y esa vez tuve suerte. Me invadi\u00f3 una gran sensaci\u00f3n de felicidad cuando me vi a salvo. Sensaci\u00f3n que se esfum\u00f3 de inmediato cuando los soldados del gobierno me preguntaron si no quer\u00eda seguir luchando con ellos. Pero no me obligaron. Yo s\u00f3lo quer\u00eda volver a casa, con mi madre. Al principio me enviaron a un campamento durante unas semanas, donde tambi\u00e9n recib\u00ed ayuda psicol\u00f3gica para afrontar mis malas experiencias. Comenzamos a aprender lo que vale la vida y que existen personas en nuestras comunidades que todav\u00eda se preocupan por nosotros, que nos necesitan y nos quieren, a pesar de que cre\u00edamos eso ya no exist\u00eda. Eso me ayud\u00f3 mucho.<\/p><p>Cuando mataron a mi padre, me pareci\u00f3 que el mundo entero iba a acabarse. Porque \u00e9l era el quien sosten\u00eda a la familia. Mi madre tuvo que luchar severamente por sobrevivir cada d\u00eda con mi hermana y conmigo. Muchos ex ni\u00f1os soldados sufren de tendencias suicidas por una larga temporada. No porque echen de menos sus armas, sino porque sienten que lo han perdido todo. Por s\u00ed sola, mi madre no hubiera logrado sostenernos, por lo que mi hermana y yo tuvimos que dejar la escuela y, a cambio, empezamos a trabajar junto a ella en campos y granjas para ganarnos el pan de cada d\u00eda. Tuve mucha suerte de obtener una beca para la escuela secundaria y la universidad. Por desgracia, mi hermana no tuvo esa suerte.<\/p><p><b>Mis cicatrices me recuerdan mi tarea<\/b><\/p><p>Cuando veo mis cicatrices hoy en d\u00eda, me acuerdo de aquel que una vez fui, eso sigue siendo una parte m\u00eda. Me digo de que nac\u00ed para una tarea m\u00e1s grande que yo mismo: intervenir para defender a los ni\u00f1os que han ocupado mi lugar y que son explotados como soldados en las guerras. Escrib\u00ed un libro sobre mi historia junto con un escritor. Y le cuento a mucha gente lo que he vivido, no sin antes hablar siempre con mi madre por tel\u00e9fono porque me da mucha energ\u00eda y confianza en m\u00ed mismo. Y aunque ya hace a\u00f1os vivo en Alemania, sigo teniendo mucho contacto con mi familia, incluyendo a mi hermana y mis hermanastros. Hice un m\u00e1ster en pol\u00edtica econ\u00f3mica en Alemania, estoy casado y hace poco naci\u00f3 mi peque\u00f1a hija, lo que me hace muy feliz. S\u00f3lo mis pesadillas siguen agobi\u00e1ndome, me veo perseguido y tengo que correr para salvar la vida; me gustar\u00eda librarme de ellas. Pero creo que me acompa\u00f1ar\u00e1n hasta el final de mis d\u00edas.<\/p><p><b>\u00a1Alza la voz por los derechos de los ni\u00f1os! \u00a1Act\u00faa!<\/b><\/p><p>No quiero compasi\u00f3n. Quiero que la gente tome acci\u00f3n. En las democracias, todo el mundo tiene voz, y es importante alzarla y utilizarla en favor de los derechos de los ni\u00f1os. Y contra la violencia y la exportaci\u00f3n de armas. Les pido que hablen de ello con sus familias, con sus amigos, con los pol\u00edticos, las palabras pueden traer el cambio. \u00danete a la Campa\u00f1a de la Mano Roja contra la utilizaci\u00f3n de ni\u00f1os y ni\u00f1as soldado y la exportaci\u00f3n de armas. O bien, \u00a1encuentra tu propia manera de hacerlo!<\/p><p>Una entrevista con Innocent Opwonya puede consultarse en: https:\/\/www.youtube.com\/watch?v=SFHG-DW_FDI (consultada el 24.01.2022)<\/p><p>\u00a0<\/p>\t\t\t\t\t\t\t\t<\/div>\n\t\t\t\t<\/div>\n\t\t\t\t\t<\/div>\n\t\t<\/div>\n\t\t\t\t\t<\/div>\n\t\t<\/section>\n\t\t\t\t<section class=\"elementor-section elementor-top-section elementor-element elementor-element-1c9e7e1 elementor-section-boxed elementor-section-height-default elementor-section-height-default\" data-id=\"1c9e7e1\" data-element_type=\"section\" data-e-type=\"section\">\n\t\t\t\t\t\t<div class=\"elementor-container elementor-column-gap-default\">\n\t\t\t\t\t<div class=\"elementor-column elementor-col-100 elementor-top-column elementor-element elementor-element-dfd0b14\" data-id=\"dfd0b14\" data-element_type=\"column\" data-e-type=\"column\">\n\t\t\t<div class=\"elementor-widget-wrap elementor-element-populated\">\n\t\t\t\t\t\t<div class=\"elementor-element elementor-element-b5cb6d2 elementor-widget elementor-widget-text-editor\" data-id=\"b5cb6d2\" data-element_type=\"widget\" data-e-type=\"widget\" data-widget_type=\"text-editor.default\">\n\t\t\t\t<div class=\"elementor-widget-container\">\n\t\t\t\t\t\t\t\t\t<p style=\"text-align: center;\">\u2501\u2501\u2501\u2501\u2501\u2501\u2501\u2501\u2501\u2501\u2501\u2501\u2501\u2501\u2501\u2501\u2501\u2501\u2501\u25bc\u2501\u2501\u2501\u2501\u2501\u2501\u2501\u2501\u2501\u2501\u2501\u2501\u2501\u2501\u2501\u2501\u2501\u2501\u2501<\/p>\t\t\t\t\t\t\t\t<\/div>\n\t\t\t\t<\/div>\n\t\t\t\t<div class=\"elementor-element elementor-element-bdf3c72 elementor-widget elementor-widget-heading\" data-id=\"bdf3c72\" data-element_type=\"widget\" data-e-type=\"widget\" id=\"yina\" data-widget_type=\"heading.default\">\n\t\t\t\t<div class=\"elementor-widget-container\">\n\t\t\t\t\t<h1 class=\"elementor-heading-title elementor-size-default\">\"Esto no debe poder pasarle a ning\u00fan ni\u00f1o en ning\u00fan lugar del mundo. Nunca. Jam\u00e1s.\"<\/h1>\t\t\t\t<\/div>\n\t\t\t\t<\/div>\n\t\t\t\t\t<\/div>\n\t\t<\/div>\n\t\t\t\t\t<\/div>\n\t\t<\/section>\n\t\t\t\t<section class=\"elementor-section elementor-top-section elementor-element elementor-element-26f4e88 elementor-section-boxed elementor-section-height-default elementor-section-height-default\" data-id=\"26f4e88\" data-element_type=\"section\" data-e-type=\"section\">\n\t\t\t\t\t\t<div class=\"elementor-container elementor-column-gap-default\">\n\t\t\t\t\t<div class=\"elementor-column elementor-col-50 elementor-top-column elementor-element elementor-element-e464026\" data-id=\"e464026\" data-element_type=\"column\" data-e-type=\"column\">\n\t\t\t<div class=\"elementor-widget-wrap elementor-element-populated\">\n\t\t\t\t\t\t<div class=\"elementor-element elementor-element-f351d5b elementor-widget elementor-widget-text-editor\" data-id=\"f351d5b\" data-element_type=\"widget\" data-e-type=\"widget\" data-widget_type=\"text-editor.default\">\n\t\t\t\t<div class=\"elementor-widget-container\">\n\t\t\t\t\t\t\t\t\t<p><em>\u00a0A los 11 a\u00f1os, Yina fue reclutada como soldado por la que en aquel entonces era la organizaci\u00f3n guerrillera m\u00e1s grande de Colombia, las FARC<a href=\"#_edn36\">[xxxvi]<\/a>. Hoy es mayor de edad, tiene un hijo y trabaja como enfermera en Bogot\u00e1, la capital de Colombia.<\/em><\/p><p><em>Entrevista: Knut Henkel, Ralf Willinger<\/em><\/p><p>Mi familia es originaria del Departamento de Tolima. Yo me crie all\u00ed en un peque\u00f1o pueblo sumido entre monta\u00f1as, una regi\u00f3n en la cual la guerrilla siempre ha estado presente. Viv\u00eda all\u00ed junto con mis hermanos, mis abuelos y varios t\u00edos. No era nada extraordinario que los guerrilleros llegaran a nuestro rancho. De vez en cuando tambi\u00e9n se aparec\u00eda mi madre, pero de veras, s\u00f3lo en muy raras ocasiones.<\/p><p><strong>Nuestra casa estaba repleta de guerrilleros.<\/strong><\/p><p><strong>\u00a0<\/strong>Nosotros, los ni\u00f1os, trabaj\u00e1bamos mucho y nos maltrataban bastante. Yo ten\u00eda once a\u00f1os, cuando un d\u00eda, al regresar de trabajar en el campo hacia el mediod\u00eda, encontramos la casa toda llena de guerrilleros de las FARC. Nos propusieron a mi t\u00eda, quien era un a\u00f1o mayor que yo, y a m\u00ed que nos fu\u00e9ramos con ellos, y estuvimos de acuerdo. Ya no aguant\u00e1bamos tener que trabajar tanto, adem\u00e1s del maltrato en esa casa. Los guerrilleros nos ofrecieron tratarnos bien, pero nos exigieron que le dij\u00e9ramos al comandante que ya casi hab\u00edamos cumplido 15 a\u00f1os. As\u00ed lo hicimos, y a los pocos d\u00edas, despu\u00e9s de que el comandante nos hubo explicado las reglas m\u00e1s importantes, nos aceptaron. No \u00e9ramos los \u00fanicos menores que se unieron es d\u00eda a aquella unidad de las FARC.<\/p>\t\t\t\t\t\t\t\t<\/div>\n\t\t\t\t<\/div>\n\t\t\t\t\t<\/div>\n\t\t<\/div>\n\t\t\t\t<div class=\"elementor-column elementor-col-50 elementor-top-column elementor-element elementor-element-3b14ea0\" data-id=\"3b14ea0\" data-element_type=\"column\" data-e-type=\"column\">\n\t\t\t<div class=\"elementor-widget-wrap elementor-element-populated\">\n\t\t\t\t\t\t<div class=\"elementor-element elementor-element-6e46b97 elementor-widget elementor-widget-image\" data-id=\"6e46b97\" data-element_type=\"widget\" data-e-type=\"widget\" data-widget_type=\"image.default\">\n\t\t\t\t<div class=\"elementor-widget-container\">\n\t\t\t\t\t\t\t\t\t\t\t\t\t\t\t<img decoding=\"async\" width=\"989\" height=\"1024\" src=\"https:\/\/gn-stat.org\/wp-content\/uploads\/2022\/02\/Foto_RHD_UNSG_BanKiMoon_Yina_AnaMaria_Foto_RalfWillinger_terre_des_hommes.jpg\" class=\"attachment-large size-large wp-image-3236\" alt=\"\" srcset=\"https:\/\/gn-stat.org\/wp-content\/uploads\/2022\/02\/Foto_RHD_UNSG_BanKiMoon_Yina_AnaMaria_Foto_RalfWillinger_terre_des_hommes.jpg 989w, https:\/\/gn-stat.org\/wp-content\/uploads\/2022\/02\/Foto_RHD_UNSG_BanKiMoon_Yina_AnaMaria_Foto_RalfWillinger_terre_des_hommes-290x300.jpg 290w, https:\/\/gn-stat.org\/wp-content\/uploads\/2022\/02\/Foto_RHD_UNSG_BanKiMoon_Yina_AnaMaria_Foto_RalfWillinger_terre_des_hommes-768x795.jpg 768w\" sizes=\"(max-width: 989px) 100vw, 989px\" \/>\t\t\t\t\t\t\t\t\t\t\t\t\t\t\t<\/div>\n\t\t\t\t<\/div>\n\t\t\t\t<div class=\"elementor-element elementor-element-340bacb elementor-widget elementor-widget-text-editor\" data-id=\"340bacb\" data-element_type=\"widget\" data-e-type=\"widget\" data-widget_type=\"text-editor.default\">\n\t\t\t\t<div class=\"elementor-widget-container\">\n\t\t\t\t\t\t\t\t\t<p><em>Imagen : cientos de miles de manos rojas en Nueva York. Yina, antigua ni\u00f1a soldado, presenta las manos rojas estampadas al Secretatio General de la ONI, Ban Ki Moon. Foto: Rals Willinger, terre des hommes.<br \/><\/em><\/p>\t\t\t\t\t\t\t\t<\/div>\n\t\t\t\t<\/div>\n\t\t\t\t\t<\/div>\n\t\t<\/div>\n\t\t\t\t\t<\/div>\n\t\t<\/section>\n\t\t\t\t<section class=\"elementor-section elementor-top-section elementor-element elementor-element-cabeca5 elementor-section-boxed elementor-section-height-default elementor-section-height-default\" data-id=\"cabeca5\" data-element_type=\"section\" data-e-type=\"section\">\n\t\t\t\t\t\t<div class=\"elementor-container elementor-column-gap-default\">\n\t\t\t\t\t<div class=\"elementor-column elementor-col-100 elementor-top-column elementor-element elementor-element-0002f06\" data-id=\"0002f06\" data-element_type=\"column\" data-e-type=\"column\">\n\t\t\t<div class=\"elementor-widget-wrap elementor-element-populated\">\n\t\t\t\t\t\t<div class=\"elementor-element elementor-element-0847e7d elementor-widget elementor-widget-text-editor\" data-id=\"0847e7d\" data-element_type=\"widget\" data-e-type=\"widget\" data-widget_type=\"text-editor.default\">\n\t\t\t\t<div class=\"elementor-widget-container\">\n\t\t\t\t\t\t\t\t\t<p>Me acopl\u00e9 bien a las reglas en el campamento de las FARC, me adapt\u00e9 sin dificultad alguna. Mi t\u00eda Jazm\u00edn tambi\u00e9n estaba all\u00ed. Pero luego la mataron en una batalla con el ej\u00e9rcito. Eso me afect\u00f3 mucho. Nuestra tarea como columna m\u00f3vil era apoyar a las distintas unidades, los frentes. \u00c9ramos la reserva m\u00f3vil y siempre hab\u00eda combates en la regi\u00f3n, porque el ej\u00e9rcito y tambi\u00e9n los paramilitares estaban presentes en la regi\u00f3n, y juntos nos combat\u00edan.\u00a0 Primero todo me dio mucho susto. Recuerdo perfectamente mi primera batalla en una peque\u00f1a ciudad, donde atacamos el puesto de polic\u00eda. Aquella vez me temblaban las rodillas, pero eso se me pas\u00f3 poco a poco. A los tres a\u00f1os de andar en la guerrilla, me detuvo la polic\u00eda al cabo de una batalla.<\/p><p><strong>Son muchos los que nos tienen por un peligro<\/strong><\/p><p>Los menores que abandonan la guerrilla no pueden regresar con sus familias, porque corren el riesgo de ser asesinados por miembros de sus antiguos grupos. Adem\u00e1s, en las comunidades muchos creen que somos un peligro para ellos. Nos reprochan habernos unido al grupo armado, sin ponerse a pensar en la edad que ten\u00edamos cuando nos reclutaron. Tras mi captura, me internaron primero en una instituci\u00f3n estatal, m\u00e1s tarde, igual que otros ex ni\u00f1os soldados, me un\u00ed a un grupo de teatro del proyecto <strong>taller de vida<\/strong><a href=\"#_edn37\">[xxxvii]<\/a> en Bogot\u00e1. A trav\u00e9s del teatro, aprend\u00ed a reflexionar y a expresarme. Para ni\u00f1os y j\u00f3venes que, como yo, fuimos ni\u00f1os soldados, es fundamental el acompa\u00f1amiento psicosocial y el apoyo para construir una perspectiva de futuro.<\/p><p>Me gust\u00f3 tanto el trabajo de teatro que prosegu\u00ed con esa labor y ahora soy yo quien trabajo con ni\u00f1os en <em>el <strong>taller de vida<\/strong><\/em>. Es gratificante, porque adem\u00e1s no s\u00f3lo ofrecemos talleres de teatro, sino que tambi\u00e9n nos encargamos de los ni\u00f1os, hablamos con ellos sobre los problemas que tienen en casa y en la escuela, tratando de brindarles apoyo. Muchos de ellos est\u00e1n solos cuando regresan de la escuela porque sus padres trabajan. Tenemos sumo cuidado de que estos ni\u00f1os no sean reclutados por la guerrilla o los paramilitares. <strong><em>Taller de vida<\/em><\/strong> coopera con las escuelas para ofrecerle a los ni\u00f1os y j\u00f3venes algo m\u00e1s: no s\u00f3lo teatro, sino tambi\u00e9n danza y m\u00fasica, especialmente el rap.<\/p><p><strong>Hoy soy un ejemplo para los dem\u00e1s<\/strong><\/p><p>Hoy s\u00e9 que me robaran mi infancia en la guerrilla. Pero eso lo fui entendiendo con los a\u00f1os y gracias al arte, al teatro, que me ayud\u00f3 mucho. Fui descubri\u00e9ndome a m\u00ed misma y, muy lentamente, fui entendiendo lo que hab\u00eda hecho. He aprendido mucho, he madurado y hoy me siento una mujer adulta responsable. El trabajo en el taller de vida me ha ayudado mucho. Hoy soy un ejemplo para los dem\u00e1s, porque supe liberarme, porque supe forjarme una vida nueva y porque hoy puedo hablar de mi pasado. He adquirido seguridad de m\u00ed misma y disfruto la vida. Llevo ahora una vida completamente diferente, yo misma la determino, ya no son otros los que deciden por m\u00ed. Eso me enorgullece.<\/p><p>Vivo en un piso con mi hijo y mi hermana en un barrio de Bogot\u00e1. El padre del ni\u00f1o es un ex ni\u00f1o soldado como yo, pero no vivimos juntos. Yo veo sola por mi hijo. Eso no siempre es f\u00e1cil, porque tambi\u00e9n hay gente que nos discrimina a nosotros, los ex ni\u00f1os soldados. Eso ya no me importa, porque he encontrado mi camino y hoy s\u00e9 que tengo derechos. Y tambi\u00e9n he aprendido a reclamarlos. Traje a mi hermana a Bogot\u00e1 para que no fuera a pasarle la mismo que a m\u00ed. Porque en la zona rural de la que vengo, la guerrilla es el estado. Se hace lo que ella manda.<\/p><p><strong>Manos rojas para el Secretario General de la ONU<\/strong><\/p><p>Para m\u00ed, el taller de vida es como una segunda familia. Una familia que sabe perdonar, porque he cometido muchos errores y me concedi\u00f3 una segunda oportunidad. Una oportunidad real. Con el apoyo de <em>taller de vida<\/em> y la organizaci\u00f3n de derechos del ni\u00f1o <em>terre des hommes<\/em> de Alemania, estuve en Nueva York hace unos a\u00f1os para hablar sobre mis experiencias y de nuestro trabajo. Y para entregarle al Secretario General de la ONU las huellas recogidas de las manos rojas, tanto en Colombia y como en otros 50 pa\u00edses m\u00e1s, en se\u00f1al de protesta contra el reclutamiento de ni\u00f1os soldados. En nuestro pa\u00eds, el <em>D\u00eda de las Manos Rojas<\/em> es bastante conocido, pero se debe sensibilizar todav\u00eda m\u00e1s a los padres. Es importante que la gente de todo el mundo sepa que hay un conflicto armado en Colombia y que los menores est\u00e1n siendo reclutados como soldados aqu\u00ed y en otros pa\u00edses. \u00a1Hay que ponerle fin a esto! Nadie, ni\u00f1o, ni\u00f1a o joven deber\u00eda pasar por lo que yo pas\u00e9. \u00a1Nunca m\u00e1s!<\/p>\t\t\t\t\t\t\t\t<\/div>\n\t\t\t\t<\/div>\n\t\t\t\t\t<\/div>\n\t\t<\/div>\n\t\t\t\t\t<\/div>\n\t\t<\/section>\n\t\t\t\t<section class=\"elementor-section elementor-top-section elementor-element elementor-element-ad19d33 elementor-section-boxed elementor-section-height-default elementor-section-height-default\" data-id=\"ad19d33\" data-element_type=\"section\" data-e-type=\"section\">\n\t\t\t\t\t\t<div class=\"elementor-container elementor-column-gap-default\">\n\t\t\t\t\t<div class=\"elementor-column elementor-col-100 elementor-top-column elementor-element elementor-element-bfa8ee8\" data-id=\"bfa8ee8\" data-element_type=\"column\" data-e-type=\"column\">\n\t\t\t<div class=\"elementor-widget-wrap elementor-element-populated\">\n\t\t\t\t\t\t<div class=\"elementor-element elementor-element-70bf67e elementor-widget elementor-widget-text-editor\" data-id=\"70bf67e\" data-element_type=\"widget\" data-e-type=\"widget\" data-widget_type=\"text-editor.default\">\n\t\t\t\t<div class=\"elementor-widget-container\">\n\t\t\t\t\t\t\t\t\t<p style=\"text-align: center;\">\u2501\u2501\u2501\u2501\u2501\u2501\u2501\u2501\u2501\u2501\u2501\u2501\u2501\u2501\u2501\u2501\u2501\u2501\u2501\u25bc\u2501\u2501\u2501\u2501\u2501\u2501\u2501\u2501\u2501\u2501\u2501\u2501\u2501\u2501\u2501\u2501\u2501\u2501\u2501<\/p>\t\t\t\t\t\t\t\t<\/div>\n\t\t\t\t<\/div>\n\t\t\t\t<div class=\"elementor-element elementor-element-7a10d4f elementor-widget elementor-widget-text-editor\" data-id=\"7a10d4f\" data-element_type=\"widget\" data-e-type=\"widget\" id=\"kolumbien\" data-widget_type=\"text-editor.default\">\n\t\t\t\t<div class=\"elementor-widget-container\">\n\t\t\t\t\t\t\t\t\t<h1 style=\"text-align: center;\"><strong>Nuevas esperanzas de paz<\/strong><\/h1><h1 style=\"text-align: center;\"><strong>Ni\u00f1os y ni\u00f1as soldado y el tr\u00e1fico de armas: el caso de Colombia<\/strong><\/h1>\t\t\t\t\t\t\t\t<\/div>\n\t\t\t\t<\/div>\n\t\t\t\t<div class=\"elementor-element elementor-element-167af21 elementor-widget elementor-widget-image\" data-id=\"167af21\" data-element_type=\"widget\" data-e-type=\"widget\" data-widget_type=\"image.default\">\n\t\t\t\t<div class=\"elementor-widget-container\">\n\t\t\t\t\t\t\t\t\t\t\t\t\t\t\t<img decoding=\"async\" src=\"https:\/\/gn-stat.org\/wp-content\/uploads\/elementor\/thumbs\/trommelnde-Jungs-pok4pnhu8fzl4xraaouqz0slvmhebhrf3h7ku4h88w.jpg\" title=\"trommelnde Jungs\" alt=\"trommelnde Jungs\" loading=\"lazy\" \/>\t\t\t\t\t\t\t\t\t\t\t\t\t\t\t<\/div>\n\t\t\t\t<\/div>\n\t\t\t\t<div class=\"elementor-element elementor-element-12c6057 elementor-widget elementor-widget-text-editor\" data-id=\"12c6057\" data-element_type=\"widget\" data-e-type=\"widget\" data-widget_type=\"text-editor.default\">\n\t\t\t\t<div class=\"elementor-widget-container\">\n\t\t\t\t\t\t\t\t\t<p style=\"text-align: center;\"><em>Imagen:Tocando el tambor en la \u201cRep\u00fablica de los Ni\u00f1os\u201d en Bogot\u00e1, Colombia: en este poyecto de asistencia Benposta, apoyado po terre des hommes, reciben acogida ni\u00f1os y ni\u00f1as, entre ellos muchos ni\u00f1os y ni\u00f1as soldado. Foto: Florian Kopp, terre des hommes<\/em><\/p>\t\t\t\t\t\t\t\t<\/div>\n\t\t\t\t<\/div>\n\t\t\t\t<div class=\"elementor-element elementor-element-063080e elementor-widget elementor-widget-text-editor\" data-id=\"063080e\" data-element_type=\"widget\" data-e-type=\"widget\" data-widget_type=\"text-editor.default\">\n\t\t\t\t<div class=\"elementor-widget-container\">\n\t\t\t\t\t\t\t\t\t<p><strong>El hombre dispar\u00f3, pero el arma no estaba cargada.<\/strong><\/p><p><em>&#8222;Al \u00faltimo, lleg\u00f3 un comandante de la EPL queme apreciaba mucho. Dijo, que, si quer\u00eda aprender deb\u00eda que hacerlo. Dijo, que jam\u00e1s deb\u00eda traicionar a alguien, que la lealtad era lo m\u00e1s importante. Si no eres leal, te matan. Te ponen a prueba. Se disfrazan de soldado del ej\u00e9rcito. Una vez me mandaron en motocicleta con tres kilos de &#8222;mercanc\u00eda&#8220; y 50 millones de pesos en una bolsa. De repente, aparece un puesto de control del ej\u00e9rcito. Me detuvieron y me preguntaron qu\u00e9 llevaba. Me pidieron que diera nombres. Me pusieron una pistola en la cabeza. Recuerdo muy claramente c\u00f3mo me dec\u00edan: Dinos qui\u00e9nes son tus clientes o te matamos. Dije: No. Si quieres, m\u00e1tame. El hombre dispar\u00f3, pero la pistola no estaba cargada. As\u00ed que demostr\u00e9 mi lealtad, se trataba de una prueba&#8220;.<a href=\"https:\/\/gn-stat.org\/?p=3462&amp;elementor-preview=3462&amp;ver=1644614914#_edn38\">[xxxviii]<\/a><\/em><\/p><p>Juan Andr\u00e9s (nombre alterado), de 18 a\u00f1os, naci\u00f3 en el departamento de Norte de Santander en una familia de peque\u00f1os agricultores. Comenz\u00f3 a trabajar para la organizaci\u00f3n guerrillera EPL (Ej\u00e9rcito Popular de Liberaci\u00f3n) cuando ten\u00eda doce a\u00f1os. Durante tres a\u00f1os fue \u201cmiliciano\u201d, pasando informaci\u00f3n y contrabandeando pasta de coca. Durante un a\u00f1o, sirvi\u00f3 en la fuerza de combate. Luego logr\u00f3 escapar y desde hace dos a\u00f1os vive en la \u201cRep\u00fablica de los Ni\u00f1os y Ni\u00f1as\u201d de Benposta, en las afueras de Bogot\u00e1.<\/p>\t\t\t\t\t\t\t\t<\/div>\n\t\t\t\t<\/div>\n\t\t\t\t<div class=\"elementor-element elementor-element-2940991 elementor-widget elementor-widget-text-editor\" data-id=\"2940991\" data-element_type=\"widget\" data-e-type=\"widget\" data-widget_type=\"text-editor.default\">\n\t\t\t\t<div class=\"elementor-widget-container\">\n\t\t\t\t\t\t\t\t\t<p>\u00a0<\/p><p><strong>\u00a0<\/strong>El gobierno colombiano calcula que los grupos armados de Colombia han utilizado a unos 14.000 menores como soldados en los \u00faltimos 20 a\u00f1os.<a href=\"#_edn39\">[xxxix]<\/a> Los m\u00e1s j\u00f3venes entre ellos no tienen ni diez a\u00f1os; se les utiliza como ayudantes, como exploradores y mensajeros, y a partir de los 10 a\u00f1os tambi\u00e9n se les utiliza como combatientes.<\/p><p>Con el acuerdo de paz firmado en 2016 entre el Estado y la guerrilla de las FARC no lleg\u00f3 la paz anhelada, ni terminaron las graves violaciones de los derechos de los ni\u00f1os y ni\u00f1as, como el reclutamiento, los asesinatos y las mutilaciones: si bien disminuyeron durante las negociaciones de paz, volvieron a aumentar poco despu\u00e9s (v\u00e9ase el cuadro 1). Esto se debi\u00f3 a que, tras desarmar a gran parte de los combatientes de las FARC en 2017, el Estado en general no se hizo cargo de controlar sus territorios como hab\u00eda prometido, sino que fueron los paramilitares, las bandas criminales y los grupos guerrilleros como el ELN (Ej\u00e9rcito de Liberaci\u00f3n Nacional) y el EPL los que se encargaron de hacerlo, y con ellos volvieron a tomar vigor los combates regionales y el reclutamiento.<\/p><p><strong>Aumento de las violaciones graves de los derechos del ni\u00f1o tras el acuerdo de paz<\/strong><\/p><p>Las Naciones Unidas documentaron un pico de 343 casos de reclutamiento de menores de 18 a\u00f1os en 2013 para Colombia.<a href=\"#_edn40\">[xl]<\/a> \u00a0Despu\u00e9s de eso, el n\u00famero de casos se bajo en los a\u00f1os siguientes hasta llegar a 169 casos en 2017, el primer a\u00f1o despu\u00e9s del acuerdo de paz. Pero al a\u00f1o siguiente, volvieron a aumentar bruscamente hasta alcanzar los 293 casos: ese a\u00f1o, el nuevo gobierno del presidente Iv\u00e1n Duque, del partido conservador Centro Democr\u00e1tico, lleg\u00f3 al poder en agosto, tratando de modificar partes del acuerdo de paz e intensificando las ofensivas militares, incluso los bombardeos.<\/p><p>Como resultado, en el a\u00f1o 2018, el n\u00famero de ni\u00f1os muertos y mutilados en el conflicto armado tambi\u00e9n subi\u00f3 a 108, la cifra m\u00e1s alta desde 2013, frente a solo 8 en el a\u00f1o del acuerdo de paz, 2016. En 2019, esta cifra baj\u00f3 a 46, y en 2020 volvi\u00f3 a subir a 69 (v\u00e9ase el cuadro.<\/p><p>Desde que comenz\u00f3 la pandemia de Corona, se intensific\u00f3 el reclutamiento. Las organizaciones colombianas de defensa de los derechos de los ni\u00f1os y las Naciones Unidas hablan de una &#8222;ofensiva de reclutamiento&#8220; favorecida por el cierre de escuelas, por la que, a su vez, desapareci\u00f3 por un tiempo la protecci\u00f3n que brindan escuelas y maestros y maestras.<\/p><p>El n\u00famero de ni\u00f1as y ni\u00f1os soldado, procedentes de grupos armados acogidos en el programa de protecci\u00f3n estatal del Instituto Colombiano de Bienestar Familiar (ICBF), baj\u00f3\u00a0 de 342 en 2013 a 144 en 2020.<\/p>\t\t\t\t\t\t\t\t<\/div>\n\t\t\t\t<\/div>\n\t\t\t\t<div class=\"elementor-element elementor-element-98db8fe elementor-widget elementor-widget-text-editor\" data-id=\"98db8fe\" data-element_type=\"widget\" data-e-type=\"widget\" data-widget_type=\"text-editor.default\">\n\t\t\t\t<div class=\"elementor-widget-container\">\n\t\t\t\t\t\t\t\t\t<p><strong>Tabla 1: Ni\u00f1os y ni\u00f1as soldados reclutados, ni\u00f1os y ni\u00f1as muertos y mutilados, ni\u00f1os y ni\u00f1as soldados en el programa de protecci\u00f3n del Estado<\/strong><\/p><p><a href=\"#_ednref1\" name=\"_edn1\"><\/a><\/p>\t\t\t\t\t\t\t\t<\/div>\n\t\t\t\t<\/div>\n\t\t\t\t<div class=\"elementor-element elementor-element-efe3c41 elementor-widget elementor-widget-image\" data-id=\"efe3c41\" data-element_type=\"widget\" data-e-type=\"widget\" data-widget_type=\"image.default\">\n\t\t\t\t<div class=\"elementor-widget-container\">\n\t\t\t\t\t\t\t\t\t\t\t\t\t\t\t<img decoding=\"async\" src=\"https:\/\/gn-stat.org\/wp-content\/uploads\/elementor\/thumbs\/table-pok4pnhu8fzl4xraaouqz0slvmhebhrf3h7ku4h88w.png\" title=\"table\" alt=\"table\" loading=\"lazy\" \/>\t\t\t\t\t\t\t\t\t\t\t\t\t\t\t<\/div>\n\t\t\t\t<\/div>\n\t\t\t\t<div class=\"elementor-element elementor-element-4065b59 elementor-widget elementor-widget-text-editor\" data-id=\"4065b59\" data-element_type=\"widget\" data-e-type=\"widget\" data-widget_type=\"text-editor.default\">\n\t\t\t\t<div class=\"elementor-widget-container\">\n\t\t\t\t\t\t\t\t\t<p><em><strong>\u00a0<\/strong><\/em><em>Cuadro: Ralf Willinger \/ terre des hommes Alemania, basado en los Informes Anuales del Secretario General de la ONU sobre los Ni\u00f1os y los Conflictos Armados 2014-2021. Para la calidad de los datos y las cifras no comunicadas: v\u00e9ase la nota<\/em><a href=\"#_edn41\"><em>[xli]<\/em><\/a><\/p>\t\t\t\t\t\t\t\t<\/div>\n\t\t\t\t<\/div>\n\t\t\t\t<div class=\"elementor-element elementor-element-62dfef2 elementor-widget elementor-widget-text-editor\" data-id=\"62dfef2\" data-element_type=\"widget\" data-e-type=\"widget\" data-widget_type=\"text-editor.default\">\n\t\t\t\t<div class=\"elementor-widget-container\">\n\t\t\t\t\t\t\t\t\t<p><strong>Gran \u00e9xito: los derechos de los ni\u00f1os y ni\u00f1as dentro del tratado de paz<\/strong><\/p><p>El hecho de que, tanto las organizaciones colombianas de defensa de los derechos de los ni\u00f1os y ni\u00f1as, como <a href=\"https:\/\/coalico.org\/\">Coalico<\/a> y <a href=\"https:\/\/benpostacolombia.org\/\">Benposta<\/a>, as\u00ed como tambi\u00e9n los ni\u00f1os afectados pudieron participar directamente en las negociaciones de paz en La Habana, fue un gran logro que permiti\u00f3 que las medidas de ayuda y protecci\u00f3n para los ni\u00f1os y ni\u00f1as soldado quedaran ancladas en el tratado y se pudieran aplicar posteriormente.<\/p><p>Sin embargo, muchos otros acuerdos contenidos en el tratado de paz no se respetaron, el reparto de tierras apenas se llev\u00f3 a cabo y el Estado vel\u00f3 poco por la seguridad de los aproximadamente 7.000 exguerrilleros desarmados. Desde la entrada en vigor del acuerdo de paz, 250 antiguos combatientes desarmados de las FARC han sido asesinados por escuadrones de muerte derechistas. Decepcionados del proceso de paz y el alto riesgo de asesinato muchos exguerrilleros regresaron a la lucha: se estima que cerca de 3.000 de ellos se han rearmado y unido a organizaciones disidentes de las FARC o a otros grupos guerrilleros.<\/p><p><strong>Violencia policial contra manifestantes<\/strong><\/p><p>Conforme con datos de las Naciones Unidas<a href=\"#_edn42\">[xlii]<\/a>, m\u00e1s de 400 defensores de los derechos humanos, l\u00edderes comunitarios y organizaciones sociales han sido asesinados en Colombia desde 2016, favoreciendo estos delitos la falta de protecci\u00f3n por parte del Estado y los escasos recursos habidos para financiar procesos judiciales. En oto\u00f1o de 2020 y primavera de 2021, miles de manifestaciones a favor de educaci\u00f3n y trabajo, en su mayor\u00eda de car\u00e1cter pac\u00edfico, adquirieron un vuelco violento: la polic\u00eda y civiles armados atacaron brutalmente a los participantes, en su mayor\u00eda j\u00f3venes.<a href=\"#_edn43\">[xliii]<\/a> \u00a0Las Naciones Unidas<a href=\"#_edn44\">[xliv]<\/a> calificaron el uso de la fuerza por parte del Estado &#8222;innecesario y desproporcionado&#8220;, y registraron por lo menos 52 personas muertas, 1.661 lesionados, 27 siguen desaparecidas, y adem\u00e1s, por lo \u00a0menos 60 mujeres fueron v\u00edctimas de violencia sexual por parte de la polic\u00eda. <a href=\"#_edn45\">[xlv]<\/a>\u00a0 \u00a0El presidente Duque rechaz\u00f3 tales acusaciones contra el cuerpo de la polic\u00eda.<\/p><p>En lugar de abordar problemas estructurales como la pobreza rural, la promesa de reforma agraria del acuerdo de paz, de los d\u00e9ficits de seguridad y de trabajar por la paz, el gobierno de Duque recurri\u00f3 muchas veces a la violencia y a la acci\u00f3n militar. Especialmente entre la clase alta del pa\u00eds, de la que procede Duque, sigue habiendo muchos que desconf\u00edan altamente del proceso de paz, no obstante que despu\u00e9s de muchas d\u00e9cadas de violencia armada resulta obvio que, en Colombia, con acciones militares no se lograr\u00e1 vencer ni en la guerra contra la guerrilla ni en la guerra contra las drogas.<\/p><p><strong>\u00bfHaba paz con un nuevo presidente?<\/strong><\/p><p>Muchos colombianos, especialmente los j\u00f3venes, en v\u00edsperas de elecciones presidenciales de mayo de 2022 anhelan la paz y tienen esperanzas en el nuevo presidente. En las encuestas, Gustavo Petro, de la coalici\u00f3n de centroizquierda Pacto Hist\u00f3rico, parece ser el favorito, aunque fue por poco el perdedor frente al actual presidente Duque en la segunda vuelta de las elecciones de 2018. A Petro parece ser promotor de la paz y de la reconciliaci\u00f3n en el pa\u00eds. \u00a0Quiz\u00e1 haya llegado el momento de hacer realidad esto en Colombia.<\/p>\t\t\t\t\t\t\t\t<\/div>\n\t\t\t\t<\/div>\n\t\t\t\t<div class=\"elementor-element elementor-element-321775d elementor-widget elementor-widget-text-editor\" data-id=\"321775d\" data-element_type=\"widget\" data-e-type=\"widget\" data-widget_type=\"text-editor.default\">\n\t\t\t\t<div class=\"elementor-widget-container\">\n\t\t\t\t\t\t\t\t\t<p><strong>\u00bfDe d\u00f3nde proceden las armas?<\/strong><\/p><p>&#8222;Las armas vienen de los Estados Unidos de Am\u00e9rica a Venezuela y desde all\u00ed se cuelan a trav\u00e9s de la frontera hacia Colombia. Llegaron en barcos por el r\u00edo Catatumbo. Cuando hab\u00eda peleas con el ej\u00e9rcito y muertos, les quit\u00e1bamos las armas a los soldados. Adem\u00e1s, el Estado colombiano es muy corrupto. Cuando estaba en el grupo, algunos generales de la polic\u00eda llegaban al campamento: all\u00ed hab\u00eda armas, hab\u00eda munici\u00f3n. Y cuando \u00edbamos en coche con la &#8222;mercanc\u00eda&#8220;, muchos de los polic\u00edas en los puestos de control nos dejaban pasar sin ning\u00fan problema. La mayor\u00eda de las armas provienen de los EE. UU. Hay de todo: el R15 (EE. UU.), AK 47 (llamado Kalashnikov, Rusia), Beretta de 9 mil\u00edmetros (Italia), Mini-Uzi (Israel), Railgun, rifles de francotirador, cohetes, &#8230;&#8220;<\/p><p>Juan Andr\u00e9s (nombre cambiado), de 18 a\u00f1os, estuvo en la organizaci\u00f3n guerrillera EPL durante cuatro a\u00f1os y ahora vive en la &#8222;Rep\u00fablica de los Ni\u00f1os y Ni\u00f1as&#8220; Benposta, en Bogot\u00e1<a href=\"https:\/\/gn-stat.org\/?p=3462&amp;elementor-preview=3462&amp;ver=1644614914#_edn46\">[xlvi]<\/a><\/p>\t\t\t\t\t\t\t\t<\/div>\n\t\t\t\t<\/div>\n\t\t\t\t<div class=\"elementor-element elementor-element-9a196d6 elementor-widget elementor-widget-text-editor\" data-id=\"9a196d6\" data-element_type=\"widget\" data-e-type=\"widget\" data-widget_type=\"text-editor.default\">\n\t\t\t\t<div class=\"elementor-widget-container\">\n\t\t\t\t\t\t\t\t\t<p>\u00a0<\/p><p><strong>\u00bfDe d\u00f3nde llegan las armas a Colombia?<\/strong><\/p><p>Gran parte de las armas proceden de Estados Unidos; entre 2000 y 2015, por obra ya s\u00f3lo<em> del Plan Colombia,<\/em> lleg\u00f3 al pa\u00eds material militar por valor de varios miles de millones de d\u00f3lares estadounidenses:<a href=\"#_edn47\">[xlvii]<\/a> helic\u00f3pteros, veh\u00edculos blindados, drones, armas peque\u00f1as y munici\u00f3n. Los datos del Instituto de Investigaci\u00f3n para la Paz (SIPRI) se\u00f1alan a los Estados Unidos como principal proveedor de material militar a Colombia entre 1970 y 2020, dejando atr\u00e1s a Alemania, Israel y Francia. Teniendo en cuenta \u00fanicamente los \u00faltimos diez a\u00f1os, de 2011 a 2020, aparecen Estados Unidos, Alemania, Corea del Sur e Israel.<a href=\"#_edn48\">[xlviii]<\/a><\/p><p><strong>Los Estados Unidos de Am\u00e9rica: proveedor central de armas peque\u00f1as<\/strong><\/p><p>Los Estados Unidos de Am\u00e9rica son el mayor exportador de armas peque\u00f1as del mundo y se ha convertido en el pa\u00eds central en los tratos de armas peque\u00f1as con Colombia y muchos otros pa\u00edses. La mayor\u00eda de los fabricantes europeos de armas peque\u00f1as, como SIG Sauer (Alemania), Heckler &amp; Koch (Alemania), Walther (Alemania), Glock (Austria), Beretta (Italia) o Krauss-Maffei-Wegmann (Alemania), han establecido all\u00ed grandes sucursales e instalaciones de producci\u00f3n.<\/p><p>Ya s\u00f3lo el fabricante de armas alem\u00e1n SIG Sauer produjo oficialmente 2,6 millones de pistolas y 240.000 rifles en Estados Unidos entre 2014 y 2018. De ellos, aproximadamente una de cada cinco pistolas y uno de cada diez rifles se exportaron a pa\u00edses como Colombia, India, Tailandia o M\u00e9xico,<a href=\"#_edn49\">[xlix]<\/a> todos ellos sumidos en conflictos armados y graves violaciones de los derechos de los ni\u00f1os y ni\u00f1as, como el reclutamiento de ni\u00f1os y ni\u00f1as soldados. En 2018, SIG Sauer fue responsable del 40% de todas las exportaciones de pistolas de Estados Unidos.<a href=\"#_edn50\">[l]<\/a><\/p><p><strong>Armas alemanas en Colombia<\/strong><\/p><p>Hay un sinn\u00famero de armas alemanas en Colombia, especialmente pistolas SIG Sauer y ametralladoras y fusiles de asalto Heckler &amp; Koch. Desde la d\u00e9cada de 1970, la empresa estatal colombiana de armamento Indumil produjo bajo licencia en su planta de Bogot\u00e1 grandes cantidades de fusiles de asalto G3, subametralladoras MP5, ametralladoras HK21 y la munici\u00f3n correspondiente, con ayuda de la maquinaria de Heckler &amp; Koch y Fritz Werner, que era en aquel entonces propiedad del Estado alem\u00e1n.<\/p><p>Desde 2009, han entrado al pa\u00eds un gran n\u00famero de pistolas SIG Sauer, en parte de forma ilegal, a trav\u00e9s de Estados Unidos. De la mayor\u00eda de 120.000 pistolas SP2022 entregadas a Colombia, casi una tercera parte fuer fabricada en la planta alemana de SIG Sauer en Eckernf\u00f6rde, entregada a Estados Unidos y desde all\u00ed enviada ilegalmente a Colombia, sin el permiso de las autoridades alemanas. Por ello, tres altos ejecutivos de SIG Sauer de Estados Unidos y Alemania fueron condenados por un tribunal alem\u00e1n en 2019 a considerables multas y penas de prisi\u00f3n en r\u00e9gimen de libertad condicional, y la empresa tuvo que devolver 11 millones de euros, volumen completo del negocio ilegal. Debido a la segunda denuncia penal presentada por la campa\u00f1a <a href=\"https:\/\/aufschrei-waffenhandel.de\/\">&#8222;Aktion Aufschrei! &#8211; Stoppt den Waffenhandel!&#8220;<\/a> (Alcen la Voz &#8211; Detengan el comercio de armas), la fiscal\u00eda de Kiel, en el norte de Alemania, est\u00e1 investigando de nuevo (2021) los negocios de SIG Sauer por supuestas entregas ilegales de armas peque\u00f1as a Colombia, M\u00e9xico y Nicaragua.<\/p><p><strong>\u00a0Delitos cometidos con pistolas SIG Sauer<\/strong><\/p><p>En junio de 2021, la organizaci\u00f3n de apoyo a la ni\u00f1ez <a href=\"http:\/\/www.tdh-latinoamerica.de\/\">terre des hommes Latinoam\u00e9rica<\/a> public\u00f3 un expediente seg\u00fan el cual las pistolas SIG Sauer, incluyendo la SP2022, son muy comunes en Colombia, se comercializan ilegalmente y acaban en manos de grupos armados ilegales. Paramilitares, guerrillas, c\u00e1rteles de la droga, delincuentes y personal del ej\u00e9rcito han utilizado las armas para cometer delitos que abarcan la utilizaci\u00f3n de ni\u00f1os y ni\u00f1as soldado.<a href=\"#_edn51\">[li]<\/a><\/p><p>Desde finales de la d\u00e9cada de 1990, las entregas de armas a Colombia, autorizadas por el Estado alem\u00e1n, surt\u00edan principalmente al lucrativo mercado de submarinos y buques de guerra. A partir de entonces y de acuerdo con los informes estatales de exportaci\u00f3n de armas, no hubo m\u00e1s exportaci\u00f3n de armas peque\u00f1as (seg\u00fan la definici\u00f3n del Gobierno Federal alem\u00e1n) a Colombia. Sin embargo, tal definici\u00f3n omite muchos tipos de armas peque\u00f1as, como pistolas, varios tipos de rifles, granadas de mano y dem\u00e1s, que pasan desapercibidas en los controles de exportaci\u00f3n.<\/p><p><strong>Alemania viola el Tratado sobre el Comercio de Armas<\/strong><\/p><p>La definici\u00f3n de armas peque\u00f1as del gobierno alem\u00e1n no corresponde a la definici\u00f3n mucho m\u00e1s amplia de las Naciones Unidas. Alemania se comprometi\u00f3 a aplicar esta \u00faltima al ratificar el Tratado sobre el Comercio de Armas (Arms Trade Treaty) en 2014.<a href=\"#_edn52\">[lii]<\/a> Por lo tanto, Alemania est\u00e1 violando el tratado.<\/p><p>El experto en armas, Christopher Steinmetz, en dos estudios de 2017<a href=\"#_edn53\">[liii]<\/a> y 2020<a href=\"#_edn54\">[liv]<\/a> pudo demostrar con datos de la Oficina Federal de Estad\u00edstica de Alemania, que a partir de 2002 se suministraron a Colombia armas peque\u00f1as y municiones en grandes cantidades, armas que no figuran en los informes de exportaci\u00f3n de armas del gobierno alem\u00e1n &#8211; por ejemplo, , 16 toneladas de munici\u00f3n para rifles y refacciones para pistolas y rifles en los cinco a\u00f1os entre\u00a0 2014 a 2019, y entre 2002 y 2015 casi 1500 pistolas &amp; rev\u00f3lveres y m\u00e1s de 600 rifles.<\/p>\t\t\t\t\t\t\t\t<\/div>\n\t\t\t\t<\/div>\n\t\t\t\t<div class=\"elementor-element elementor-element-57633ca elementor-widget elementor-widget-text-editor\" data-id=\"57633ca\" data-element_type=\"widget\" data-e-type=\"widget\" data-widget_type=\"text-editor.default\">\n\t\t\t\t<div class=\"elementor-widget-container\">\n\t\t\t\t\t\t\t\t\t<p><em>&#8222;Aprend\u00ed a usar la br\u00fajula, a atacar comisar\u00edas, a tender emboscadas y a manejar armas. He utilizado rifles AK47 (Rusia), rifles Galil (Rusia), rifles AR-15 (EE. UU.), morteros, granadas de pi\u00f1a, granadas M26 y &#8222;tatucos&#8220; (lanzagranadas)&#8220;.<\/em><\/p><p>Ramiro, reclutado por la guerrilla de las FARC a los 15 a\u00f1os.<a href=\"#_edn55\">[lv]<\/a><\/p><p><a href=\"#_edn55\" name=\"_ednref55\"><\/a><\/p>\t\t\t\t\t\t\t\t<\/div>\n\t\t\t\t<\/div>\n\t\t\t\t<div class=\"elementor-element elementor-element-7b013f1 elementor-widget elementor-widget-text-editor\" data-id=\"7b013f1\" data-element_type=\"widget\" data-e-type=\"widget\" data-widget_type=\"text-editor.default\">\n\t\t\t\t<div class=\"elementor-widget-container\">\n\t\t\t\t\t\t\t\t\t<p><strong>Guerra por las drogas y la tierra: el conflicto armado en Colombia<\/strong><\/p><p><strong>\u00a0<\/strong>En Colombia hay conflictos armados desde hace m\u00e1s de 70 a\u00f1os, desde 1948: tras el asesinato del candidato presidencial liberal Jorge Eli\u00e9cer Gait\u00e1n, que hab\u00eda anunciado una reforma agraria, se produjo una cruenta guerra civil, primero entre el partido liberal y el conservador, que m\u00e1s tarde se extendi\u00f3 a regiones rurales. All\u00ed se fundaron rep\u00fablicas campesinas independientes, combatidas por el Estado y los grupos paramilitares de los grandes terratenientes. La guerrilla izquierdista de las FARC surgi\u00f3 cuando en 1964 el ej\u00e9rcito aplast\u00f3 a una de esas rep\u00fablicas campesinas. La guerrilla del ELN se fund\u00f3 en el mismo a\u00f1o, ambas luchaban por la reforma agraria y la distribuci\u00f3n equitativa de la tierra. Otras partes del conflicto son el ej\u00e9rcito y la polic\u00eda, los paramilitares, las bandas criminales y los c\u00e1rteles de la droga.<\/p><p>La riqueza y la pobreza est\u00e1n distribuidas en Colombia de manera muy desigual: Una peque\u00f1a clase de grandes terratenientes posee la mayor parte de la tierra, mientras que la mayor\u00eda de los campesinos disponen de poca o de nada. Seg\u00fan Naciones Unidas, en enero de 2021el 48% de la poblaci\u00f3n colombiana viv\u00eda en &#8222;inseguridad alimenticia&#8220;<a href=\"#_edn56\">[lvi]<\/a>. Aparte de la desigual distribuci\u00f3n de la tierra, el acaparamiento de tierras, la miner\u00eda ilegal, el desplazamiento de la poblaci\u00f3n rurales -sobre todo de la ind\u00edgena y l afrocolombiana- y, sobre todo, el lucrativo comercio de la droga, son importantes causas de conflictos. Todos los grupos armados est\u00e1n involucrados en el comercio de la droga. No s\u00f3lo los paramilitares, las bandas criminales y las guerrillas, sino tambi\u00e9n muchos militares, pol\u00edticos y empresarios sacan beneficio de esta situaci\u00f3n. El tr\u00e1fico de drogas y el de armas est\u00e1n estrechamente vinculados, las ganancias del tr\u00e1fico de drogas costean la mayor parte en la compra de armas de los grupos armados no estatales. Durante d\u00e9cadas, el ej\u00e9rcito y la polic\u00eda de Colombia fueron equipados extensivamente con armas, principalmente por Estados Unidos. Adem\u00e1s, destacamentos de soldados estadounidenses ubicados en diversos lugares de Colombia, imparten adiestramiento militar.<\/p><p>La poblaci\u00f3n civil de las regiones rurales es la principal v\u00edctima de la guerra. Las violaciones graves de los derechos humanos y los asesinatos est\u00e1n a la orden del d\u00eda, todas las partes en conflicto est\u00e1n implicadas en mayor o menor medida. L\u00edderes comunitarios y defensores de los derechos humanos, periodistas y sindicalistas son amenazados y asesinados con frecuencia alarmante. Al menos 220.000 personas han pagado con su vida d\u00e9cadas de guerra, 160.000 han desaparecido y m\u00e1s de siete millones han sido desplazados de sus hogares. Los ni\u00f1os, ni\u00f1as y los j\u00f3venes se ven especialmente afectados y son intimidados, amenazados y reclutados a la fuerza por grupos guerrilleros, paramilitares y bandas de narcotraficantes.<\/p><p>Muchas ni\u00f1as, pero tambi\u00e9n ni\u00f1os, son v\u00edctimas de violencia sexual; los perpetradores no son s\u00f3lo de los grupos armados, sino tambi\u00e9n los soldados del ej\u00e9rcito colombiano. Seg\u00fan la fiscal\u00eda, los soldados del ej\u00e9rcito tambi\u00e9n son responsables del asesinato de 2.200 j\u00f3venes inocentes, entre ellos, muchos menores de edad, a los que se hizo pasar falsamente como combatientes enemigos muertos entre 1988 y 2014 para aparentar un triunfo contra la guerrilla y cobrar recompensa (el llamado esc\u00e1ndalo de los &#8222;falsos positivos&#8220;). El proceso judicial est\u00e1 en curso, 24 soldados han confesado hasta ahora haber asesinado a 247 personas.<\/p>\t\t\t\t\t\t\t\t<\/div>\n\t\t\t\t<\/div>\n\t\t\t\t<div class=\"elementor-element elementor-element-b6f2cea elementor-widget elementor-widget-text-editor\" data-id=\"b6f2cea\" data-element_type=\"widget\" data-e-type=\"widget\" data-widget_type=\"text-editor.default\">\n\t\t\t\t<div class=\"elementor-widget-container\">\n\t\t\t\t\t\t\t\t\t<p><strong>Aqu\u00ed aprend\u00ed a so\u00f1ar <br \/><\/strong><\/p><p>&#8222;Cuando ten\u00eda 16 a\u00f1os, hui durante la noche, tuve suerte de que no me pillaran. Fui a la oficina del ACNUR en C\u00facuta.<a href=\"#_edn57\" name=\"_edn57\">[lvii]<\/a> No ten\u00eda papeles y tardaron una semana en estar listos. Durante esa semana tuve que esconderme porque me buscaban. Hasta dispararon en la casa de mi madre. Por suerte no estaba en casa. Entonces capturaron a mi hermana. Ten\u00eda yo un tel\u00e9fono, hab\u00eda anotado ah\u00ed todo: cu\u00e1ntos kilos de qu\u00e9 mercanc\u00eda se comercializaba, etc. Finalmente dijeron: Si no quieres venir, m\u00e1ndanos el tel\u00e9fono. Lo envi\u00e9. Liberaron a mi hermana y eso fue todo. Al cabo de una semana mis papeles estaban listos y el ACNUR me dio dinero para los billetes. Luego vine aqu\u00ed a Bogot\u00e1, a Benposta, a la Rep\u00fablica de los Ni\u00f1os y Ni\u00f1as. Aqu\u00ed todo es muy diferente. Aqu\u00ed aprend\u00ed a so\u00f1ar. Aprend\u00ed a ser libre. Aprend\u00ed a decir lo que me gusta y lo que no me gusta. He aprendido que es dif\u00edcil cuando nunca antes se ha aprendido algo. Que el dinero no lo es todo. El dinero puede hacerte feliz, pero las personas que m\u00e1s queremos nos hacen mucho m\u00e1s felices. Estoy muy agradecido a Benposta&#8220;.<\/p><p>Juan Andr\u00e9s (se alter\u00f3 el nombre), de 18 a\u00f1os, estuvo en la organizaci\u00f3n guerrillera EPL durante cuatro a\u00f1os y ahora vive en la &#8222;Rep\u00fablica de los Ni\u00f1os y Ni\u00f1as\u201d Benposta, en Bogot\u00e1, un proyecto de ayuda a los ni\u00f1os y ni\u00f1as afectados por la guerra apoyado por <a href=\"http:\/\/tdh-latinoamerica.de\/\">terre des hommes Alemania<\/a> <a href=\"https:\/\/gn-stat.org\/?p=3462&amp;elementor-preview=3462&amp;ver=1644614914#_edn58\" name=\"_edn58\">[lviii]<\/a><\/p>\t\t\t\t\t\t\t\t<\/div>\n\t\t\t\t<\/div>\n\t\t\t\t\t<\/div>\n\t\t<\/div>\n\t\t\t\t\t<\/div>\n\t\t<\/section>\n\t\t\t\t<section class=\"elementor-section elementor-top-section elementor-element elementor-element-de42e18 elementor-section-boxed elementor-section-height-default elementor-section-height-default\" data-id=\"de42e18\" data-element_type=\"section\" data-e-type=\"section\">\n\t\t\t\t\t\t<div class=\"elementor-container elementor-column-gap-default\">\n\t\t\t\t\t<div class=\"elementor-column elementor-col-100 elementor-top-column elementor-element elementor-element-5f0dd30\" data-id=\"5f0dd30\" data-element_type=\"column\" data-e-type=\"column\">\n\t\t\t<div class=\"elementor-widget-wrap elementor-element-populated\">\n\t\t\t\t\t\t<div class=\"elementor-element elementor-element-bc6ac6f elementor-widget elementor-widget-text-editor\" data-id=\"bc6ac6f\" data-element_type=\"widget\" data-e-type=\"widget\" data-widget_type=\"text-editor.default\">\n\t\t\t\t<div class=\"elementor-widget-container\">\n\t\t\t\t\t\t\t\t\t<p style=\"text-align: center;\">\u2501\u2501\u2501\u2501\u2501\u2501\u2501\u2501\u2501\u2501\u2501\u2501\u2501\u2501\u2501\u2501\u2501\u2501\u2501\u25bc\u2501\u2501\u2501\u2501\u2501\u2501\u2501\u2501\u2501\u2501\u2501\u2501\u2501\u2501\u2501\u2501\u2501\u2501\u2501<\/p>\t\t\t\t\t\t\t\t<\/div>\n\t\t\t\t<\/div>\n\t\t\t\t<div class=\"elementor-element elementor-element-de6f3ec elementor-widget elementor-widget-text-editor\" data-id=\"de6f3ec\" data-element_type=\"widget\" data-e-type=\"widget\" id=\"jamal\" data-widget_type=\"text-editor.default\">\n\t\t\t\t<div class=\"elementor-widget-container\">\n\t\t\t\t\t\t\t\t\t<h1 style=\"text-align: center;\"><strong>Entrevista: &#8222;Hay muchas armas alemanas en Afganist\u00e1n&#8220;.<\/strong><\/h1><p><strong>\u00a0<\/strong><\/p><p><em>Jamal tuvo que luchar forzadamente contra los talibanes como ni\u00f1o soldado entre los 10 y los 13 a\u00f1os. Posteriormente huy\u00f3 a Alemania a trav\u00e9s de Ir\u00e1n, Turqu\u00eda y Francia.<\/em><\/p><p>&#8222;Me crie en una familia creyente. Mi padre era profesor, era contrario a los talibanes y un d\u00eda tom\u00f3 la decisi\u00f3n de luchar contra ellos, se convirti\u00f3 en luchador por la libertad. Ya a los 7 a\u00f1os trabajaba yo en el campo, a los 9 mi padre me dijo: &#8222;\u00a1Ya eres un hombre, lucha con nosotros!&#8220;. Yo no quer\u00eda y logr\u00e9 convencerlo de que trabajara mejor como pastor. Pero al cumplir yo los 10 a\u00f1os, insisti\u00f3 en que apoyara a su grupo armado, me convert\u00ed en ayudante de m\u00e9dico. Cuando cumpl\u00ed 13 a\u00f1os me dijo: &#8222;Ahora s\u00ed ya no tienes excusas, ahora tienes que unirte a la lucha&#8220;.<\/p><p>Me adiestraron para luchar y espiar. No hab\u00eda manera de saber qui\u00e9n era un civil y qui\u00e9n era un talib\u00e1n. Tambi\u00e9n hab\u00eda muchas armas alemanas en Afganist\u00e1n, el G3 es un excelente rifle. Ya era yo todo un soldado, pero no entend\u00eda para qu\u00e9. Junto con mi padre est\u00e1bamos en las monta\u00f1as para que los talibanes no pudieran encontrarnos. M\u00e1s o menos una vez al mes \u00edbamos a casa de visita. Los talibanes se dieron cuenta de eso y mataron a mi padre, mi madre y mi hermano mayor.<\/p><p>Con 13 a\u00f1os era yo el mayor y tuve que huir con mis hermanos menores y mantenerlos yo solo. Afortunadamente, un carpintero me dio empleo como ayudante, era un buen hombre, nos salv\u00f3 la vida. M\u00e1s tarde me enter\u00e9 de que me pagaba diez veces el sueldo de los dem\u00e1s trabajadores. Cuando ten\u00eda 15 a\u00f1os, los soldados me detuvieron, no ten\u00eda yo papeles y dijeron que era un esp\u00eda. Estuve en la c\u00e1rcel durante tres meses, casi no me daban de comer y me azotaban todos los d\u00edas para que confesara, eso fue terrible. El carpintero y mis hermanos no ten\u00edan idea de d\u00f3nde me encontraba. Sintieron que los hab\u00eda abandonado y dicen que no sirvo para nada, no quieren hablar conmigo.<\/p><p>Alg\u00fan tiempo despu\u00e9s, un nuevo comandante de la prisi\u00f3n me solt\u00f3, inmediatamente hu\u00ed a Ir\u00e1n, donde estuve trabajando durante dos a\u00f1os y pude ahorrar un poco de dinero. Todas las noches so\u00f1aba con la muerte de mis padres. Lleg\u00f3 el momento que por desesperaci\u00f3n claudiqu\u00e9. Tom\u00e9 27 pastillas para dormir y estuve en estado de coma durante tres d\u00edas, pero sobreviv\u00ed. Poco despu\u00e9s emprend\u00ed una caminata de 160 horas hasta la frontera turca. All\u00ed soborn\u00e9 a los guardias fronterizos turcos. En Grecia, un contrabandista me escondi\u00f3 en el remolque de un cami\u00f3n, entre sand\u00edas, apenas si hab\u00eda espacio y casi acabo asfixiado. En Francia, uno trabajadores me descubrieron, fueron amables. Luego pas\u00e9 un tiempo en Par\u00eds y despu\u00e9s tom\u00e9 el tren a Alemania, luego me detuvo la polic\u00eda&#8220;.<a href=\"#_ednref58\" name=\"_edn58\"><\/a><\/p>\t\t\t\t\t\t\t\t<\/div>\n\t\t\t\t<\/div>\n\t\t\t\t\t<\/div>\n\t\t<\/div>\n\t\t\t\t\t<\/div>\n\t\t<\/section>\n\t\t\t\t<section class=\"elementor-section elementor-top-section elementor-element elementor-element-4ec7b43 elementor-section-boxed elementor-section-height-default elementor-section-height-default\" data-id=\"4ec7b43\" data-element_type=\"section\" data-e-type=\"section\">\n\t\t\t\t\t\t<div class=\"elementor-container elementor-column-gap-default\">\n\t\t\t\t\t<div class=\"elementor-column elementor-col-100 elementor-top-column elementor-element elementor-element-3bd3086\" data-id=\"3bd3086\" data-element_type=\"column\" data-e-type=\"column\">\n\t\t\t<div class=\"elementor-widget-wrap elementor-element-populated\">\n\t\t\t\t\t\t<div class=\"elementor-element elementor-element-883e20c elementor-widget elementor-widget-text-editor\" data-id=\"883e20c\" data-element_type=\"widget\" data-e-type=\"widget\" data-widget_type=\"text-editor.default\">\n\t\t\t\t<div class=\"elementor-widget-container\">\n\t\t\t\t\t\t\t\t\t<p style=\"text-align: center;\">\u2501\u2501\u2501\u2501\u2501\u2501\u2501\u2501\u2501\u2501\u2501\u2501\u2501\u2501\u2501\u2501\u2501\u2501\u2501\u25bc\u2501\u2501\u2501\u2501\u2501\u2501\u2501\u2501\u2501\u2501\u2501\u2501\u2501\u2501\u2501\u2501\u2501\u2501\u2501<\/p>\t\t\t\t\t\t\t\t<\/div>\n\t\t\t\t<\/div>\n\t\t\t\t\t<\/div>\n\t\t<\/div>\n\t\t\t\t\t<\/div>\n\t\t<\/section>\n\t\t\t\t<section class=\"elementor-section elementor-top-section elementor-element elementor-element-01e5d1f elementor-section-boxed elementor-section-height-default elementor-section-height-default\" data-id=\"01e5d1f\" data-element_type=\"section\" data-e-type=\"section\">\n\t\t\t\t\t\t<div class=\"elementor-container elementor-column-gap-default\">\n\t\t\t\t\t<div class=\"elementor-column elementor-col-100 elementor-top-column elementor-element elementor-element-8fe1265\" data-id=\"8fe1265\" data-element_type=\"column\" data-e-type=\"column\">\n\t\t\t<div class=\"elementor-widget-wrap elementor-element-populated\">\n\t\t\t\t\t\t<div class=\"elementor-element elementor-element-904becd elementor-widget elementor-widget-toggle\" data-id=\"904becd\" data-element_type=\"widget\" data-e-type=\"widget\" id=\"kontakt\" data-widget_type=\"toggle.default\">\n\t\t\t\t<div class=\"elementor-widget-container\">\n\t\t\t\t\t\t\t<div class=\"elementor-toggle\">\n\t\t\t\t\t\t\t<div class=\"elementor-toggle-item\">\n\t\t\t\t\t<div id=\"elementor-tab-title-1511\" class=\"elementor-tab-title\" data-tab=\"1\" role=\"button\" aria-controls=\"elementor-tab-content-1511\" aria-expanded=\"false\">\n\t\t\t\t\t\t\t\t\t\t\t\t<span class=\"elementor-toggle-icon elementor-toggle-icon-left\" aria-hidden=\"true\">\n\t\t\t\t\t\t\t\t\t\t\t\t\t\t\t<span class=\"elementor-toggle-icon-closed\"><i class=\"fas fa-caret-right\"><\/i><\/span>\n\t\t\t\t\t\t\t\t<span class=\"elementor-toggle-icon-opened\"><i class=\"elementor-toggle-icon-opened fas fa-caret-up\"><\/i><\/span>\n\t\t\t\t\t\t\t\t\t\t\t\t\t<\/span>\n\t\t\t\t\t\t\t\t\t\t\t\t<a class=\"elementor-toggle-title\" tabindex=\"0\">El Autor<\/a>\n\t\t\t\t\t<\/div>\n\n\t\t\t\t\t<div id=\"elementor-tab-content-1511\" class=\"elementor-tab-content elementor-clearfix\" data-tab=\"1\" role=\"region\" aria-labelledby=\"elementor-tab-title-1511\"><p>Ralf Willinger trabaja desde hace m\u00e1s de quince a\u00f1os como consultor en materia de derechos del ni\u00f1o, con especial atenci\u00f3n a los ni\u00f1os y las ni\u00f1as en los conflictos armados y al trabajo por la paz, en la organizaci\u00f3n internacional de apoyo a la ni\u00f1ez terre des hommes (tdh). Ha escrito y coordinado varias publicaciones sobre el tema, es portavoz de la campa\u00f1a &#8222;\u00a1Menor de 18, nunca! \u00a0\u00a1Ning\u00fan menor a las fuerzas armadas alemanas!\u201c, es representante de tdh en la campa\u00f1a \u201eAktion Aufschrei! &#8211; Stoppt den Waffenhandel \u201c(Alzar la voz para detener el comercio de armas) y en la &#8222;Watchlist on Children and Armed Conflict&#8220; y fue portavoz de la &#8222;German Coalition to Stop the Use of Child Soldiers&#8220; durante doce a\u00f1os. Willinger viaja regularmente a pa\u00edses en conflicto, por ejemplo, a Colombia, Brasil, Myanmar, Filipinas, India, Mozambique y Zimbabue, y junto con j\u00f3venes y organizaciones copartes est\u00e1 comprometido en la defensa de los derechos de los ni\u00f1os y de la paz.<\/p><\/div>\n\t\t\t\t<\/div>\n\t\t\t\t\t\t\t<div class=\"elementor-toggle-item\">\n\t\t\t\t\t<div id=\"elementor-tab-title-1512\" class=\"elementor-tab-title\" data-tab=\"2\" role=\"button\" aria-controls=\"elementor-tab-content-1512\" aria-expanded=\"false\">\n\t\t\t\t\t\t\t\t\t\t\t\t<span class=\"elementor-toggle-icon elementor-toggle-icon-left\" aria-hidden=\"true\">\n\t\t\t\t\t\t\t\t\t\t\t\t\t\t\t<span class=\"elementor-toggle-icon-closed\"><i class=\"fas fa-caret-right\"><\/i><\/span>\n\t\t\t\t\t\t\t\t<span class=\"elementor-toggle-icon-opened\"><i class=\"elementor-toggle-icon-opened fas fa-caret-up\"><\/i><\/span>\n\t\t\t\t\t\t\t\t\t\t\t\t\t<\/span>\n\t\t\t\t\t\t\t\t\t\t\t\t<a class=\"elementor-toggle-title\" tabindex=\"0\">Los Coordinadores<\/a>\n\t\t\t\t\t<\/div>\n\n\t\t\t\t\t<div id=\"elementor-tab-content-1512\" class=\"elementor-tab-content elementor-clearfix\" data-tab=\"2\" role=\"region\" aria-labelledby=\"elementor-tab-title-1512\"><p>El Dr. Helmut Lohrer (1963) trabaja como especialista en medicina general en Villingen-Schwenningen. Despu\u00e9s de dos a\u00f1os como maestro en Camer\u00fan, estudi\u00f3 medicina y complet\u00f3 su formaci\u00f3n de especialista en Manchester \/ Inglaterra y en Villingen-Schwenningen. Siendo aun estudiante se uni\u00f3 a la Organizaci\u00f3n M\u00e9dica Internacional IPPNW. Es Consejero Internacional de la Secci\u00f3n Alemana y miembro electo de la Junta Internacional de la IPPNW. Entre otras cosas, organiz\u00f3 el Congreso de Armas Peque\u00f1as &#8222;Target Man&#8220; en Villingen en 2013, en el que participaron 300 m\u00e9dicos, cient\u00edficos y activistas de todo el mundo.Contact: <a href=\"mailto:lohrer@ippnw.de\">lohrer@ippnw.de<\/a> , +49-172-777 3934<\/p><p>J\u00fcrgen Gr\u00e4sslin<br \/>es el iniciador de GLOBAL NET &#8211; STOP THE ARMS TRADE (GN-STAT), portavoz de la campa\u00f1a &#8222;Aktion Aufschrei &#8211; Stoppt den Waffenhandel!&#8220;, portavoz nacional de la Sociedad Alemana para la Paz &#8211; Opositores Unidos a la Guerra (DFG-VK), cofundador de los Accionistas Cr\u00edticos Heckler &amp; Koch (KA H&amp;K) y presidente del Centro de Informaci\u00f3n sobre Armamento (RIB e.V.).<br \/>Es autor de numerosos libros cr\u00edticos de sobre la exportaci\u00f3n de armas y la pol\u00edtica militar y econ\u00f3mica, entre los que se encuentran bestsellers internacionales. Gr\u00e4sslin ha recibido hasta ahora diez premios por la paz, el valor civil, la labor de los medios de comunicaci\u00f3n y los derechos humanos.<br \/>Contacto: Tel.: 0049-761-7678208, Mob.: 0049-170-6113759<br \/>Correo electr\u00f3nico:\u00a0<a href=\"mailto:jg@rib-ev.de\">jg@rib-ev.de<\/a>,\u00a0<a href=\"mailto:graesslin@dfg-vk.de\">graesslin@dfg-vk.de <br \/><\/a><\/p><\/div>\n\t\t\t\t<\/div>\n\t\t\t\t\t\t\t\t<\/div>\n\t\t\t\t\t\t<\/div>\n\t\t\t\t<\/div>\n\t\t\t\t\t<\/div>\n\t\t<\/div>\n\t\t\t\t\t<\/div>\n\t\t<\/section>\n\t\t\t\t<section class=\"elementor-section elementor-top-section elementor-element elementor-element-8f88178 elementor-section-boxed elementor-section-height-default elementor-section-height-default\" data-id=\"8f88178\" data-element_type=\"section\" data-e-type=\"section\">\n\t\t\t\t\t\t<div class=\"elementor-container elementor-column-gap-default\">\n\t\t\t\t\t<div class=\"elementor-column elementor-col-100 elementor-top-column elementor-element elementor-element-6736cbe\" data-id=\"6736cbe\" data-element_type=\"column\" data-e-type=\"column\">\n\t\t\t<div class=\"elementor-widget-wrap elementor-element-populated\">\n\t\t\t\t\t\t<div class=\"elementor-element elementor-element-14952b6 elementor-widget elementor-widget-text-editor\" data-id=\"14952b6\" data-element_type=\"widget\" data-e-type=\"widget\" data-widget_type=\"text-editor.default\">\n\t\t\t\t<div class=\"elementor-widget-container\">\n\t\t\t\t\t\t\t\t\t<h2>Notas finales<\/h2><p><a href=\"#_ednref1\">[i]<\/a> UN Secretary General: Annual Report Children and Armed Conflict (Mai 2021). La llamada \u201eLista de la Verg\u00fcenza\u201c\u00a0 (list of shame) se encuentra al final del informe.<\/p><p><a href=\"#_ednref2\">[ii]<\/a> Son \u00e9stos: Afganist\u00e1n, Colombia, Rep\u00fablica Central Africana, Republica Democr\u00e1tica del Congo, Irak, Mal\u00ed Nigeria, Myanmar, Islas Filipinas, Somalia, Sud\u00e1n, Sud\u00e1n del Sur, Siria, Yemen.<\/p><p><a href=\"#_ednref3\">[iii]<\/a> Son \u00e9stos: Burkina Faso, Camer\u00fan, La India, Israel &amp; Palestina, L\u00edbano, Libia, N\u00edger, Pakist\u00e1n, Chad.El hecho de que en la Lista de la Verg\u00fcenza del Informe Anual del Secretario General de la ONU \u201cni\u00f1os y ni\u00f1as en conflictos armados\u201c\u00a0 se distingan diversas categor\u00edas, que no se mencione a algunos de los actores, a pesar de hab\u00e9rseles comprobado la violaci\u00f3n cometida de los derechos de la ninez, sin mencionar que faltan por completo algunos de los pa\u00edses en conflicto, todo esto se debe a razones pol\u00edticas o de procedimiento, sin fondo objetivo alguno. Ver tambi\u00e9n la nota 20.<\/p><p><a href=\"#_ednref4\">[iv]<\/a> Conforme a las investigaciones del instituto SIPRI (marzo 2021). <a href=\"https:\/\/de.statista.com\/infografik\/24412\/das-sind-die-groessten-waffenhaendler-weltweit\/\">https:\/\/de.statista.com\/infografik\/24412\/das-sind-die-groessten-waffenhaendler-weltweit\/<\/a><\/p><p><a href=\"#_ednref5\">[v]<\/a> Deckert, Roman: \u201e\u2026morden mit in aller Welt &#8211; Deutsche Kleinwaffen ohne Grenzen (2008). (\u201e&#8230; asesinan con ellas en todo el mundo \u2013 Armas alemanas sin fronteras (2008) <a href=\"https:\/\/www.iz3w.org\/zeitschrift\/ausgaben\/305_klimapolitik\/faa\">https:\/\/www.iz3w.org\/zeitschrift\/ausgaben\/305_klimapolitik\/faa<\/a><\/p><p><a href=\"#_ednref6\">[vi]<\/a> Declaraci\u00f3n durante la conferencia de prensa en el D\u00eda de las Manos Rojas 2017 de la <a href=\"http:\/\/www.kindersoldaten.info\">Deutschen B\u00fcndnis Kindersoldaten<\/a>\u00a0 (Coalici\u00f3n Alemana Ni\u00f1os soldado)<\/p><p><a href=\"#_ednref7\">[vii]<\/a> Banco de datos sobre transferencia de armas del instituto de investigaciones sueco SIPRI, fecha: marzo 2021, <a href=\"https:\/\/www.sipri.org\/databases\/armstransfers\">https:\/\/www.sipri.org\/databases\/armstransfers<\/a><\/p><p><a href=\"#_ednref8\">[viii]<\/a> Ban Ki Moon, antiguo Secretario General de la ONU, las llamaba \u201elas armas de exterminio masivo del Siglo 21.<\/p><p><a href=\"#_ednref9\">[ix]<\/a> Steinmetz, Christopher: Small arms in small hands. German arms exports violating children\u2019s rights. (2020). Ed. terre des hommes, Brot f\u00fcr die Welt, BITS. <a href=\"https:\/\/www.tdh.de\/fileadmin\/user_upload\/inhalte\/04_Was_wir_tun\/Themen\/Weitere_Themen\/Kleinwaffen\/Small_Arms_in_Small_Hands_GermanArmsExportsViolatingChildRights_terre_des_hommes_BfdW_Bits_FFINAL_12Juli21.pdf\">https:\/\/www.tdh.de\/fileadmin\/user_upload\/inhalte\/04_Was_wir_tun\/Themen\/Weitere_Themen\/Kleinwaffen\/Small_Arms_in_Small_Hands_GermanArmsExportsViolatingChildRights_terre_des_hommes_BfdW_Bits_FFINAL_12Juli21.pdf<\/a><\/p><p><a href=\"#_ednref10\">[x]<\/a> El Tratado de Comercio de Armas Internacional (Arms Trade Treaty ATT) entr\u00f3 en vigor en el a\u00f1o de 2014, entretanto ha sido ratificado por 110 pa\u00edses, entre ellos China, Canad\u00e1, Brasil, Sud\u00e1frica, Alemania, Francia, Gran Breta\u00f1a, Espa\u00f1a e Italia <a href=\"https:\/\/thearmstradetreaty.org\/treaty-status.html?templateId=209883\">https:\/\/thearmstradetreaty.org\/treaty-status.html?templateId=209883<\/a> . Con \u00e9l qued\u00f3 reglamentado el comercio de armas convencionales y, conforme al art\u00edculo 6, qued\u00f3 prohibida la exportaci\u00f3n de armamento que pueda conducir al genocidio o contribuir a cr\u00edmenes de guerra o a graves violaciones de los derechos humanos.<\/p><p><a href=\"#_ednref11\">[xi]<\/a> P.ej. las Directrices Pol\u00edticas para la Exportaci\u00f3n de Armas del Gobierno Federal de Alemania<\/p><p><a href=\"#_ednref12\">[xii]<\/a> Comit\u00e9 de los Derechos del Ni\u00f1o de la ONU (2014): Observaciones finales a Alemania, p\u00e1rr. 77c: &#8222;El Comit\u00e9 reitera sus recomendaciones anteriores y recomienda que el Estado Parte [&#8230;] c) Garantice la m\u00e1xima transparencia con respecto a las transferencias de armas y proh\u00edba por ley la venta de armas cuando exista el riesgo de que el destino final sea un pa\u00eds en el que los ni\u00f1os sean (posiblemente) reclutados para el combate.&#8220;<\/p><p><a href=\"#_ednref13\">[xiii]<\/a> Resoluci\u00f3n del Parlamento Europeo, de 11 de febrero de 2021, sobre la situaci\u00f3n humanitaria y pol\u00edtica en Yemen (2021\/2539(RSP)): https:\/\/www.europarl.europa.eu\/doceo\/document\/TA-9-2021-0053_DE.html , Cita completa: &#8222;&#8230; 12.\u00a0 Subraya que los exportadores de armas con sede en la UE que alimentan el conflicto en Yemen no cumplen varios criterios de la Posici\u00f3n Com\u00fan 2008\/944\/PESC del Consejo, jur\u00eddicamente vinculante, relativa a la exportaci\u00f3n de armas; reitera su llamamiento para que se proh\u00edba en toda la UE la exportaci\u00f3n, la venta, la modernizaci\u00f3n y el mantenimiento de cualquier tipo de equipo de seguridad a los miembros de la Coalici\u00f3n, incluidos Arabia Saud\u00ed y los Emiratos \u00c1rabes Unidos, en vista de las graves violaciones del Derecho internacional humanitario y de los derechos humanos cometidas en Yemen\u00a0 Toma nota de las decisiones de varios Estados miembros de prohibir las exportaciones de armas a Arabia Saud\u00ed y a los Emiratos \u00c1rabes Unidos; subraya que las exportaciones de armas siguen siendo una responsabilidad nacional de los Estados miembros; pide a todos los Estados miembros que dejen de exportar armas a todos los miembros de la Coalici\u00f3n liderada por Arabia Saud\u00ed&#8220;.<\/p><p><a href=\"#_ednref14\">[xiv]<\/a> <a href=\"https:\/\/www.ohchr.org\/EN\/HRBodies\/HRC\/RegularSessions\/Session48\/Documents\/A_HRC_48_20_AdvanceEditedVersion.docx\">https:\/\/www.ohchr.org\/EN\/HRBodies\/HRC\/RegularSessions\/Session48\/Documents\/A_HRC_48_20_AdvanceEditedVersion.docx<\/a><\/p><p><a href=\"#_ednref15\">[xv]<\/a> Conversaci\u00f3n con representantes de <a href=\"http:\/\/www.kindersoldaten.info\/\">German Coalition to Stop the Use of Child Soldiers<\/a> (Deutsches B\u00fcndnis Kindersoldaten), junio 2012<\/p><p><a href=\"#_ednref16\">[xvi]<\/a> El primer documento de la ONU que identific\u00f3 la relaci\u00f3n entre la disponibilidad de armas peque\u00f1as y el reclutamiento de ni\u00f1os soldados fue el hist\u00f3rico informe de Gra\u00e7a Machel, &#8222;Impact of armed conflict on children&#8220; (1996), encargado por el Secretario General de la ONU.<\/p><p><a href=\"#_ednref17\">[xvii]<\/a> ECCHR (European Centre for Constitutional and Human Rights) (Alemania), Mwatana for Human Rights (Yemen), Amnist\u00eda Internacional (Francia), Campaign Against Arms Trade (Reino Unido), Centre Del\u00e0s (Espa\u00f1a) y Rete Disarmo (Italia). <a href=\"https:\/\/www.ecchr.eu\/fall\/bombenangriffe-made-in-europe\/\">https:\/\/www.ecchr.eu\/fall\/bombenangriffe-made-in-europe\/<\/a><\/p><p><a href=\"#_ednref18\">[xviii]<\/a> La denuncia penal se dirige contra Airbus Defence and Space GmbH, Leonardo S.p.A., Rheinmetall AG y BAE Systems, entre otros.<\/p><p><a href=\"#_ednref19\">[xix]<\/a> <a href=\"https:\/\/www.ecchr.eu\/fall\/bombenangriffe-made-in-europe\/\">https:\/\/www.ecchr.eu\/fall\/bombenangriffe-made-in-europe\/<\/a><\/p><p><a href=\"#_ednref20\">[xx]<\/a> Un an\u00e1lisis cr\u00edtico de la lista de la ONU se encuentra en: &#8222;Cumplir la promesa: un examen independiente de la lista anual de la ONU de autores de violaciones graves contra los ni\u00f1os 2010-2020&#8220;. https:\/\/watchlist.org\/wp-content\/uploads\/eminent-persons-group-report-final.pdf<\/p><p><a href=\"#_ednref21\">[xxi]<\/a> Langeani, Bruno y Pollachi, Nat\u00e1lia: &#8222;\u00a1Dejen de matarnos! Violencia policial contra ni\u00f1os, ni\u00f1as y j\u00f3venes en Brasil y tr\u00e1fico de armas&#8220; (2021). Ed. terre des hommes Alemania y Suiza, Instituto Sou da Paz, Brasil. Disponible en alem\u00e1n, ingl\u00e9s y portugu\u00e9s. <a href=\"http:\/\/www.tdh.de\/polizeigewalt\">www.tdh.de\/polizeigewalt<\/a><\/p><p><a href=\"#_ednref22\">[xxii]<\/a>\u00a0 \u00a0Las transiciones son fluidas: los grupos armados en pa\u00edses como Myanmar o Colombia suelen estar implicados en las mismas actividades delictivas que las bandas criminales (tr\u00e1fico de drogas, tr\u00e1fico de armas, robo, hurto de tierras, a menudo tambi\u00e9n extorsi\u00f3n y tr\u00e1fico de personas, etc.), y a la inversa, \u00e9stas a veces tambi\u00e9n est\u00e1n implicadas en los conflictos armados pol\u00edticos. Un ejemplo paradigm\u00e1tico son las llamadas bacrim (bandas criminales) en la actualidad en Colombia, que hasta 2006 operaron como grupos de autodefensa paramilitares en el conflicto armado (&#8222;Autodefensas Unidas de Colombia&#8220;), luego fueron desmovilizadas por el Estado en un procedimiento muy criticado y promesa de impunidad, y posteriormente se volvieron a formar parcialmente bajo un nombre nuevo. Desde entonces, el gobierno colombiano las denomina &#8222;bandas criminales&#8220;, aunque muchas sigan actuando de forma como antes. Tanto los supuestos grupos de autodefensa como tambi\u00e9n las bandas criminales, reclutaban sistem\u00e1ticamente a ni\u00f1os, ni\u00f1as y j\u00f3venes. Hasta 2006, estos ni\u00f1os y ni\u00f1as soldado eran aceptados por el Estado colombiano en programas de protecci\u00f3n si lograban escapar, m\u00e1s tarde el Estado les neg\u00f3 este derecho por proceder de &#8222;bandas criminales&#8220;. Sin embargo, las protestas de las organizaciones de defensa de los derechos de los ni\u00f1os y ni\u00f1as tuvieron \u00e9xito a lograron ante los tribunales que estos ni\u00f1os tengan el mismo derecho a recibir apoyo y ayuda para su reinserci\u00f3n en la vida civil de que gozan los ni\u00f1os procedentes de los grupos guerrilleros.<\/p><p><a href=\"#_ednref23\">[xxiii]<\/a> Los Principios de Par\u00eds sobre los ni\u00f1os asociados a fuerzas o grupos armados han sido firmados al menos por 105 pa\u00edses de todo el mundo, entre ellos todos los miembros permanentes del Consejo de Seguridad de la ONU excepto Estados Unidos (China, Rusia, Francia, Gran Breta\u00f1a), Alemania, Italia, Canad\u00e1, Brasil, M\u00e9xico, Sud\u00e1frica e Indonesia <a href=\"https:\/\/www.diplomatie.gouv.fr\/de\/aussenpolitik-frankreichs\/menschenrechte-und-humanitare-hilfe\/menschenrechte\/das-unternimmt-frankreich-zur-forderung-der-kinderrechte\/die-pariser-grundsatze-und-verpflichtungen-worum-geht-es\/#sommaire_2\">https:\/\/www.diplomatie.gouv.fr\/de\/aussenpolitik-frankreichs\/menschenrechte-und-humanitare-hilfe\/menschenrechte\/das-unternimmt-frankreich-zur-forderung-der-kinderrechte\/die-pariser-grundsatze-und-verpflichtungen-worum-geht-es\/#sommaire_2<\/a><\/p><p><a href=\"#_ednref24\">[xxiv]<\/a> <a href=\"https:\/\/ceoworld.biz\/2021\/06\/12\/these-are-the-worlds-biggest-importers-of-major-arms\/\">https:\/\/ceoworld.biz\/2021\/06\/12\/these-are-the-worlds-biggest-importers-of-major-arms\/<\/a><\/p><p><a href=\"#_ednref25\">[xxv]<\/a> Child Rights Forum of Burma: CRC Shadow Report Burma, The plight of children under military rule in Burma. 2011. <a href=\"https:\/\/www.burmapartnership.org\/2011\/04\/crc-shadow-report-burma-the-plight-of-children-under-military-rule-in-burma\/\">https:\/\/www.burmapartnership.org\/2011\/04\/crc-shadow-report-burma-the-plight-of-children-under-military-rule-in-burma\/<\/a> (Consultada: 27-01-2022)<\/p><p><a href=\"#_ednref26\">[xxvi]<\/a> En los a\u00f1os 50 y 60, Rheinmetall fue el principal exportador del fusil G3 junto con Heckler &amp; Koch . Otfried Nassauer: Rheinmetall statt Heckler &amp; Koch. BITS, 2015. <a href=\"https:\/\/www.bits.de\/public\/unv_a\/orginal-030915.htm\">https:\/\/www.bits.de\/public\/unv_a\/orginal-030915.htm<\/a> (Consultada: 24.01.2022)<\/p><p><a href=\"#_ednref27\">[xxvii]<\/a> Christopher Steinmetz: Small Arms in the Hands of Children: German Arms Exports and Child Soldiers. Editor: terre des hommes, BITS et al, 2017.\u00a0 <a href=\"https:\/\/www.tdh.de\/fileadmin\/user_upload\/inhalte\/04_Was_wir_tun\/Themen\/Krieg_und_Flucht\/Small_Arms_in_the_hands_of_children_-_terre_des_hommes_Kindernothilfe_Brot_EN_Final.pdf\">https:\/\/www.tdh.de\/fileadmin\/user_upload\/inhalte\/04_Was_wir_tun\/Themen\/Krieg_und_Flucht\/Small_Arms_in_the_hands_of_children_-_terre_des_hommes_Kindernothilfe_Brot_EN_Final.pdf<\/a>\u00a0\u00a0 (Consultada: 24.01.2022)<\/p><p><a href=\"#_ednref28\">[xxviii]<\/a> Deckert: \u2026morden mit in aller Welt &#8211; Deutsche Kleinwaffen ohne Grenzen, IZ3W, 2008. <a href=\"https:\/\/www.iz3w.org\/zeitschrift\/ausgaben\/305_klimapolitik\/faa\">https:\/\/www.iz3w.org\/zeitschrift\/ausgaben\/305_klimapolitik\/faa<\/a> (Consultada: 24.01.2022)<\/p><p><a href=\"#_ednref29\">[xxix]<\/a> V. Kenneth: Burmese Small Arms Development. <a href=\"http:\/\/www.smallarmsreview.com\/display.article.cfm?idarticles=1154\">http:\/\/www.smallarmsreview.com\/display.article.cfm?idarticles=1154<\/a> (Consultada: 24.01.2022)<\/p><p><a href=\"#_ednref30\">[xxx]<\/a> Franka Lu: Partner, Alliierter, Investor, Ausbeuter. 2021. <a href=\"https:\/\/www.zeit.de\/kultur\/2021-03\/myanmar-china-militaerputsch-einfluss-burma-geschichte-demokratie\/komplettansicht\">https:\/\/www.zeit.de\/kultur\/2021-03\/myanmar-china-militaerputsch-einfluss-burma-geschichte-demokratie\/komplettansicht<\/a> (Consultada:24.01.2022)<\/p><p><a href=\"#_ednref31\">[xxxi]<\/a> <a href=\"https:\/\/www.sonnenseite.com\/de\/politik\/militaer-in-myanmar-setzt-deutsche-ruestungsgueter-ein\/\">https:\/\/www.sonnenseite.com\/de\/politik\/militaer-in-myanmar-setzt-deutsche-ruestungsgueter-ein\/<\/a> (Abruf 24.01.2022)<\/p><p><a href=\"#_ednref32\">[xxxii]<\/a> Human Rights Council, Report of the detailed findings of the Independent International Fact-Finding Mission on Myanmar, S. 197. Para bajar el informe completo: <a href=\"https:\/\/www.ohchr.org\/Documents\/HRBodies\/HRCouncil\/FFM-Myanmar\/A_HRC_39_CRP.2.docx\">https:\/\/www.ohchr.org\/Documents\/HRBodies\/HRCouncil\/FFM-Myanmar\/A_HRC_39_CRP.2.docx<\/a> (Consultada: 24.01.2022)<\/p><p><a href=\"#_ednref33\">[xxxiii]<\/a> <a href=\"https:\/\/www.hrw.org\/news\/2021\/05\/05\/global-civil-society-statement-myanmar\">https:\/\/www.hrw.org\/news\/2021\/05\/05\/global-civil-society-statement-myanmar<\/a> (Consultada:24.01.2022)<\/p><p><a href=\"#_ednref34\">[xxxiv]<\/a> <a href=\"https:\/\/www.irrawaddy.com\/news\/burma\/indian-arms-exporter-ships-air-defense-weapons-to-myanmars-junta.html\">https:\/\/www.irrawaddy.com\/news\/burma\/indian-arms-exporter-ships-air-defense-weapons-to-myanmars-junta.html<\/a><\/p><p><a href=\"#_ednref35\">[xxxv]<\/a> Quelle: <a href=\"https:\/\/www.un.org\/ga\/search\/view_doc.asp?symbol=S\/2021\/437&amp;Lang=S\">Los ni\u00f1os y los conflictos armados \u2013 Informe anual del Secretario General<\/a>. Ver las cifras recopiladas desde junio 2012 hasta septiembre 2018 en: Human Rights Council, Report of the detailed findings of the Independent International Fact-Finding Mission on Myanmar, S. 69. Descargar el informe completo :\u00a0 <a href=\"https:\/\/www.ohchr.org\/Documents\/HRBodies\/HRCouncil\/FFM-Myanmar\/A_HRC_39_CRP.2.docx\">https:\/\/www.ohchr.org\/Documents\/HRBodies\/HRCouncil\/FFM-Myanmar\/A_HRC_39_CRP.2.docx<\/a> (Consultada 27.01.2022)<\/p><p><a href=\"#_ednref36\">[xxxvi]<\/a> FARC: Fuerzas Armadas Revolucionarias de Colombia<\/p><p><a href=\"#_ednref37\">[xxxvii]<\/a> Taller de vida: Centro de desarrollo psicosocial\u00a0\u00a0 https:\/\/tallerdevida.org<\/p><p><a href=\"#_ednref38\">[xxxviii]<\/a> Iris Stolz \/ terre des hommes Alemania (2020): Dollars, Drogen und bewaffneter Kampf. Ein Ex-Kindersoldat aus Kolumbien erz\u00e4hlt seine Geschichte. terre des hommes-Magazin 2-2020. <a href=\"https:\/\/www.tdh.de\/fileadmin\/user_upload\/inhalte\/10_Material\/Magazin\/tdh_Magazin_2020-2.pdf\">https:\/\/www.tdh.de\/fileadmin\/user_upload\/inhalte\/10_Material\/Magazin\/tdh_Magazin_2020-2.pdf<\/a><\/p><p><a href=\"#_ednref39\">[xxxix]<\/a> Ehringfeld, Klaus (2020): Wie Gangs in der Pandemie Kinder zwangsrekrutieren. <a href=\"https:\/\/www.spiegel.de\/ausland\/kolumbien-wie-gangs-waehrend-der-corona-pandemie-kinder-zwangsrekrutieren-a-4fec5337-e329-4497-9054-3df2001cfd8e\">https:\/\/www.spiegel.de\/ausland\/kolumbien-wie-gangs-waehrend-der-corona-pandemie-kinder-zwangsrekrutieren-a-4fec5337-e329-4497-9054-3df2001cfd8e<\/a><\/p><p><a href=\"#_ednref40\">[xl]<\/a> Se calcula que el n\u00famero de casos no documentados de violaciones graves de los derechos de los ni\u00f1os y ni\u00f1as en los conflictos armados, especialmente el reclutamiento y la violencia sexual, es muchas veces mayor que el n\u00famero de casos documentados. Las organizaciones locales tambi\u00e9n suelen documentar muchos m\u00e1s casos de los que aparecen en los informes de las Naciones Unidas. Por ejemplo, el &#8222;Observatorio de Ni\u00f1ez y Conflicto Armado&#8220; (ONCA) de la <a href=\"http:\/\/www.coalico.org\">Coalico<\/a> document\u00f3 128 casos de reclutamiento ya s\u00f3lo en el primer tercio de 2020, pero las Naciones Unidas s\u00f3lo informan de 116 casos de reclutamiento en Colombia en el informe anual del Secretario General de la ONU sobre los ni\u00f1os y el conflicto armado para todo el a\u00f1o 2020.<\/p><p><a href=\"#_ednref41\">[xli]<\/a> Se calcula que el n\u00famero de casos no documentados de violaciones graves de los derechos de los ni\u00f1os y ni\u00f1as en los conflictos armados, especialmente el reclutamiento y la violencia sexual, es muchas veces mayor que el n\u00famero de casos documentados. Las organizaciones locales tambi\u00e9n suelen documentar muchos m\u00e1s casos de los que aparecen en los informes de las Naciones Unidas. Por ejemplo, el &#8222;Observatorio de Ni\u00f1ez y Conflicto Armado&#8220; (ONCA) de la <a href=\"http:\/\/www.coalico.org\">Coalico<\/a> document\u00f3 128 casos de reclutamiento ya s\u00f3lo en el primer tercio de 2020, pero las Naciones Unidas s\u00f3lo informan de 116 casos de reclutamiento en Colombia en el informe anual del Secretario General de la ONU sobre los ni\u00f1os y el conflicto armado para todo el a\u00f1o 2020.<\/p><p><a href=\"#_ednref42\">[xlii]<\/a> Oficina del Alto Comisionado de las Naciones Unidas para los Derechos Humanos (ACNUDH)<\/p><p><a href=\"#_ednref43\">[xliii]<\/a> \u00a0<a href=\"https:\/\/amerika21.de\/2021\/12\/256048\/uno-bestaetigt-52-tote-kolumbien-proteste\">https:\/\/amerika21.de\/2021\/12\/256048\/uno-bestaetigt-52-tote-kolumbien-proteste<\/a><\/p><p><a href=\"#_ednref44\">[xliv]<\/a> Ehringfeld, Klaus (2020): Wie Gangs in der Pandemie Kinder zwangsrekrutieren. <a href=\"https:\/\/www.spiegel.de\/ausland\/kolumbien-wie-gangs-waehrend-der-corona-pandemie-kinder-zwangsrekrutieren-a-4fec5337-e329-4497-9054-3df2001cfd8e\">https:\/\/www.spiegel.de\/ausland\/kolumbien-wie-gangs-waehrend-der-corona-pandemie-kinder-zwangsrekrutieren-a-4fec5337-e329-4497-9054-3df2001cfd8e<\/a><\/p><p><a href=\"#_ednref45\">[xlv]<\/a> ACNUR: Agencia de las Naciones Unidas para los Refugiados (2021): El paro nacional 2021: lecciones aprendidas para el ejercicio del derecho de reuni\u00f3n pac\u00edfica en Colombia. <a href=\"https:\/\/www.hchr.org.co\/documentoseinformes\/documentos\/Colombia_Documento-lecciones-aprendidas-y-observaciones-Paro-Nacional-2021.pdf\">https:\/\/www.hchr.org.co\/documentoseinformes\/documentos\/Colombia_Documento-lecciones-aprendidas-y-observaciones-Paro-Nacional-2021.pdf<\/a><\/p><p><a href=\"#_ednref46\">[xlvi]<\/a> Iris Stolz \/ terre des hommes Alemania (2020): Dollars, Drogen und bewaffneter Kampf. Ein Ex-Kindersoldat aus Kolumbien erz\u00e4hlt seine Geschichte. terre des hommes-Magazin 2-2020. <a href=\"https:\/\/www.tdh.de\/fileadmin\/user_upload\/inhalte\/10_Material\/Magazin\/tdh_Magazin_2020-2.pdf\">https:\/\/www.tdh.de\/fileadmin\/user_upload\/inhalte\/10_Material\/Magazin\/tdh_Magazin_2020-2.pdf<\/a><\/p><p><a href=\"#_ednref47\">[xlvii]<\/a> El Plan Colombia de Estados Unidos ascendi\u00f3 a unos 10.000 millones de d\u00f3lares estadounidenses entre 2000 y 2015, la mayor parte de los cuales se destin\u00f3 a armamento y ayuda militar. Otis, John (2014). Las FARC y el tr\u00e1fico ilegal de drogas en Colombia. Wilson Center. <a href=\"https:\/\/www.wilsoncenter.org\/sites\/default\/files\/Otis_FARCDrugTrade2014.pdf\">https:\/\/www.wilsoncenter.org\/sites\/default\/files\/Otis_FARCDrugTrade2014.pdf<\/a><\/p><p><a href=\"#_ednref48\">[xlviii]<\/a> El Instituto Sueco de Investigaci\u00f3n para la Paz (SIPRI) analiza en su base de datos todos los datos disponibles sobre las transferencias de armas en el mundo. https:\/\/www.sipri.org\/databases\/armstransfers<\/p><p><a href=\"#_ednref49\">[xlix]<\/a> Steinmetz, Christopher (2020): Small Arms in Small Hands. German Arms Exports Violating Children\u2019s Rights, Editores: terre des hommes Alemania, Brot f\u00fcr die Welt, BITS. <a href=\"https:\/\/www.tdh.de\/fileadmin\/user_upload\/inhalte\/04_Was_wir_tun\/Themen\/Weitere_Themen\/Kleinwaffen\/Small_Arms_in_Small_Hands_GermanArmsExportsViolatingChildRights_terre_des_hommes_BfdW_Bits_FFINAL_12Juli21.pdf\">https:\/\/www.tdh.de\/fileadmin\/user_upload\/inhalte\/04_Was_wir_tun\/Themen\/Weitere_Themen\/Kleinwaffen\/Small_Arms_in_Small_Hands_GermanArmsExportsViolatingChildRights_terre_des_hommes_BfdW_Bits_FFINAL_12Juli21.pdf<\/a><\/p><p><a href=\"#_ednref50\">[l]<\/a> Informes anuales 2014-2018 de la U.S. Bureau of Alcohol, Tobacco Firearms and Explosives<\/p><p><a href=\"#_ednref51\">[li]<\/a> terre des hommes Alemania (2021): Dossier SIG Sauer-Pistolen in Kolumbien. <a href=\"https:\/\/www.tdh.de\/was-wir-tun\/arbeitsfelder\/kinder-im-krieg\/materialien-links-adressen\/\">https:\/\/www.tdh.de\/was-wir-tun\/arbeitsfelder\/kinder-im-krieg\/materialien-links-adressen\/<\/a><\/p><p><a href=\"#_ednref52\">[lii]<\/a> Tratado sobre el Comercio de Armas, Art. 5, p\u00e1rrafo 3: 3. &#8222;Se invita a cada Estado Parte a aplicar el presente Tratado a la gama m\u00e1s amplia posible de armas convencionales. Las definiciones nacionales [&#8230;] no tendr\u00e1n un alcance de significado m\u00e1s limitado que las descripciones utilizadas en el Registro de Armas Convencionales de las Naciones Unidas en el momento de la entrada en vigor del presente Tratado&#8220;.<\/p><p><a href=\"#_ednref53\">[liii]<\/a> Steinmetz, Christopher (2017): Small Arms in the Hands of Children. German Arms Exports and Child Soldiers. Editores: terre des hommes Alemania, KNH, BITS et al, <a href=\"https:\/\/www.ohchr.org\/Documents\/Issues\/RuleOfLaw\/ArmsTransfers\/TerreHommesKindernothilfe.pdf\">https:\/\/www.ohchr.org\/Documents\/Issues\/RuleOfLaw\/ArmsTransfers\/TerreHommesKindernothilfe.pdf<\/a>,<\/p><p><a href=\"#_ednref54\">[liv]<\/a> Steinmetz, Christopher (2020): Small Arms in Small Hands. German Arms Exports Violating Children\u2019s Rights, Editores: terre des hommes Alemania, Brot f\u00fcr die Welt, BITS. <a href=\"https:\/\/www.tdh.de\/fileadmin\/user_upload\/inhalte\/04_Was_wir_tun\/Themen\/Weitere_Themen\/Kleinwaffen\/Small_Arms_in_Small_Hands_GermanArmsExportsViolatingChildRights_terre_des_hommes_BfdW_Bits_FFINAL_12Juli21.pdf\">https:\/\/www.tdh.de\/fileadmin\/user_upload\/inhalte\/04_Was_wir_tun\/Themen\/Weitere_Themen\/Kleinwaffen\/Small_Arms_in_Small_Hands_GermanArmsExportsViolatingChildRights_terre_des_hommes_BfdW_Bits_FFINAL_12Juli21.pdf<\/a><\/p><p><a href=\"#_ednref55\">[lv]<\/a> Human Rights Watch (2003): You\u2019ll Learn Not to Cry \u2013 Child Combatants in Colombia., p\u00e1g-. 62<\/p><p><a href=\"#_ednref56\">[lvi]<\/a>Office of the United Nations High Commissioner for Human Rights (OHCHR) (2021): El paro nacional 2021: lecciones aprendidas para el ejercicio del derecho de reuni\u00f3n pac\u00edfica en Colombia. <a href=\"https:\/\/www.hchr.org.co\/documentoseinformes\/documentos\/Colombia_Documento-lecciones-aprendidas-y-observaciones-Paro-Nacional-2021.pdf\">https:\/\/www.hchr.org.co\/documentoseinformes\/documentos\/Colombia_Documento-lecciones-aprendidas-y-observaciones-Paro-Nacional-2021.pdf<\/a><\/p><p><a href=\"#_ednref57\" name=\"_edn57\">[lvii]<\/a> ACNUR: Agencia de las Naciones Unidas para los Refugiados<\/p><p><a href=\"#_ednref58\" name=\"_edn58\">[lviii]<\/a> Iris Stolz \/ terre des hommes (2020)\u00a0: Dollars, Drogen und bewaffneter Kampf. Ein Ex-Kindersoldat aus Kolumbien erz\u00e4hlt seine Geschichte. terre des hommes-Magazin 2-2020. <a href=\"https:\/\/www.tdh.de\/fileadmin\/user_upload\/inhalte\/10_Material\/Magazin\/tdh_Magazin_2020-2.pdf\">https:\/\/www.tdh.de\/fileadmin\/user_upload\/inhalte\/10_Material\/Magazin\/tdh_Magazin_2020-2.pdf<\/a><\/p>\t\t\t\t\t\t\t\t<\/div>\n\t\t\t\t<\/div>\n\t\t\t\t\t<\/div>\n\t\t<\/div>\n\t\t\t\t\t<\/div>\n\t\t<\/section>\n\t\t\t\t<\/div>\n\t\t","protected":false},"excerpt":{"rendered":"<p>This text is also available in German and English \u00a1Luchamos con vuestras armas!&#8220;, dice un ex ni\u00f1o soldado ante el Consejo de Seguridad de la ONU, donde asisten los mayores exportadores de armas del mundo. \u00bfQu\u00e9 relaci\u00f3n existe entre el sufrimiento que viven los ni\u00f1os y las ni\u00f1as soldados y el comercio internacional de armas? [&hellip;]<\/p>\n","protected":false},"author":4,"featured_media":3286,"comment_status":"closed","ping_status":"closed","sticky":false,"template":"","format":"standard","meta":{"ocean_post_layout":"","ocean_both_sidebars_style":"","ocean_both_sidebars_content_width":0,"ocean_both_sidebars_sidebars_width":0,"ocean_sidebar":"0","ocean_second_sidebar":"0","ocean_disable_margins":"enable","ocean_add_body_class":"","ocean_shortcode_before_top_bar":"","ocean_shortcode_after_top_bar":"","ocean_shortcode_before_header":"","ocean_shortcode_after_header":"","ocean_has_shortcode":"","ocean_shortcode_after_title":"","ocean_shortcode_before_footer_widgets":"","ocean_shortcode_after_footer_widgets":"","ocean_shortcode_before_footer_bottom":"","ocean_shortcode_after_footer_bottom":"","ocean_display_top_bar":"default","ocean_display_header":"default","ocean_header_style":"","ocean_center_header_left_menu":"0","ocean_custom_header_template":"0","ocean_custom_logo":0,"ocean_custom_retina_logo":0,"ocean_custom_logo_max_width":0,"ocean_custom_logo_tablet_max_width":0,"ocean_custom_logo_mobile_max_width":0,"ocean_custom_logo_max_height":0,"ocean_custom_logo_tablet_max_height":0,"ocean_custom_logo_mobile_max_height":0,"ocean_header_custom_menu":"0","ocean_menu_typo_font_family":"0","ocean_menu_typo_font_subset":"","ocean_menu_typo_font_size":0,"ocean_menu_typo_font_size_tablet":0,"ocean_menu_typo_font_size_mobile":0,"ocean_menu_typo_font_size_unit":"px","ocean_menu_typo_font_weight":"","ocean_menu_typo_font_weight_tablet":"","ocean_menu_typo_font_weight_mobile":"","ocean_menu_typo_transform":"","ocean_menu_typo_transform_tablet":"","ocean_menu_typo_transform_mobile":"","ocean_menu_typo_line_height":0,"ocean_menu_typo_line_height_tablet":0,"ocean_menu_typo_line_height_mobile":0,"ocean_menu_typo_line_height_unit":"","ocean_menu_typo_spacing":0,"ocean_menu_typo_spacing_tablet":0,"ocean_menu_typo_spacing_mobile":0,"ocean_menu_typo_spacing_unit":"","ocean_menu_link_color":"","ocean_menu_link_color_hover":"","ocean_menu_link_color_active":"","ocean_menu_link_background":"","ocean_menu_link_hover_background":"","ocean_menu_link_active_background":"","ocean_menu_social_links_bg":"","ocean_menu_social_hover_links_bg":"","ocean_menu_social_links_color":"","ocean_menu_social_hover_links_color":"","ocean_disable_title":"default","ocean_disable_heading":"on","ocean_post_title":"","ocean_post_subheading":"","ocean_post_title_style":"","ocean_post_title_background_color":"","ocean_post_title_background":0,"ocean_post_title_bg_image_position":"","ocean_post_title_bg_image_attachment":"","ocean_post_title_bg_image_repeat":"","ocean_post_title_bg_image_size":"","ocean_post_title_height":0,"ocean_post_title_bg_overlay":0.5,"ocean_post_title_bg_overlay_color":"","ocean_disable_breadcrumbs":"default","ocean_breadcrumbs_color":"","ocean_breadcrumbs_separator_color":"","ocean_breadcrumbs_links_color":"","ocean_breadcrumbs_links_hover_color":"","ocean_display_footer_widgets":"default","ocean_display_footer_bottom":"default","ocean_custom_footer_template":"0","ofc_meta_disable_footer_callout":"","ofc_meta_callout_button_url":"","ofc_meta_callout_button_txt":"","ofc_meta_callout_text":"","osh_disable_topbar_sticky":"default","osh_disable_header_sticky":"default","osh_sticky_header_style":"default","osh_sticky_header_effect":"","osh_custom_sticky_logo":0,"osh_custom_retina_sticky_logo":0,"osh_custom_sticky_logo_height":0,"osh_background_color":"","osh_links_color":"","osh_links_hover_color":"","osh_links_active_color":"","osh_links_bg_color":"","osh_links_hover_bg_color":"","osh_links_active_bg_color":"","osh_menu_social_links_color":"","osh_menu_social_hover_links_color":"","ocean_post_oembed":"","ocean_post_self_hosted_media":"","ocean_post_video_embed":"","ocean_link_format":"","ocean_link_format_target":"self","ocean_quote_format":"","ocean_quote_format_link":"post","ocean_gallery_link_images":"off","ocean_gallery_id":[],"footnotes":""},"categories":[2],"tags":[],"class_list":["post-3462","post","type-post","status-publish","format-standard","has-post-thumbnail","hentry","category-casereports","entry","has-media"],"_links":{"self":[{"href":"https:\/\/gn-stat.org\/index.php?rest_route=\/wp\/v2\/posts\/3462","targetHints":{"allow":["GET"]}}],"collection":[{"href":"https:\/\/gn-stat.org\/index.php?rest_route=\/wp\/v2\/posts"}],"about":[{"href":"https:\/\/gn-stat.org\/index.php?rest_route=\/wp\/v2\/types\/post"}],"author":[{"embeddable":true,"href":"https:\/\/gn-stat.org\/index.php?rest_route=\/wp\/v2\/users\/4"}],"replies":[{"embeddable":true,"href":"https:\/\/gn-stat.org\/index.php?rest_route=%2Fwp%2Fv2%2Fcomments&post=3462"}],"version-history":[{"count":87,"href":"https:\/\/gn-stat.org\/index.php?rest_route=\/wp\/v2\/posts\/3462\/revisions"}],"predecessor-version":[{"id":3606,"href":"https:\/\/gn-stat.org\/index.php?rest_route=\/wp\/v2\/posts\/3462\/revisions\/3606"}],"wp:featuredmedia":[{"embeddable":true,"href":"https:\/\/gn-stat.org\/index.php?rest_route=\/wp\/v2\/media\/3286"}],"wp:attachment":[{"href":"https:\/\/gn-stat.org\/index.php?rest_route=%2Fwp%2Fv2%2Fmedia&parent=3462"}],"wp:term":[{"taxonomy":"category","embeddable":true,"href":"https:\/\/gn-stat.org\/index.php?rest_route=%2Fwp%2Fv2%2Fcategories&post=3462"},{"taxonomy":"post_tag","embeddable":true,"href":"https:\/\/gn-stat.org\/index.php?rest_route=%2Fwp%2Fv2%2Ftags&post=3462"}],"curies":[{"name":"wp","href":"https:\/\/api.w.org\/{rel}","templated":true}]}}